{"id":918,"date":"2023-01-03T19:04:16","date_gmt":"2023-01-03T22:04:16","guid":{"rendered":"https:\/\/semus.pmsaraguaia.pa.gov.br\/?p=918"},"modified":"2023-01-03T19:04:20","modified_gmt":"2023-01-03T22:04:20","slug":"atencao-primaria-a-saude-aps","status":"publish","type":"post","link":"https:\/\/semus.pmsaraguaia.pa.gov.br\/?p=918","title":{"rendered":"Aten\u00e7\u00e3o prim\u00e1ria a sa\u00fade APS"},"content":{"rendered":"\n<p>Aten\u00e7\u00e3o prim\u00e1ria a sa\u00fade APS, e o conjunto de a\u00e7\u00f5es de sa\u00fade individuais familiares e coletivas, que envolvem promo\u00e7\u00e3o preven\u00e7\u00e3o, prote\u00e7\u00e3o diagn\u00f3stico, tratamento e reabilita\u00e7\u00e3o, redu\u00e7\u00e3o de danos cuidados paliativos, e vigil\u00e2ncia em sa\u00fade; desenvolvido por meio de pr\u00e1ticas de cuidado integrado e gest\u00e3o qualificada.<\/p>\n\n\n\n<p>SANTANA ESSE CH\u00c3O \u00c9 NOSSO!!<\/p>\n\n\n\n<p>EDUARDO DA MACHADO PREFEITO<br>CATARINA CARVELI VICE PREFEITA<\/p>\n\n\n\n<p>Fonte: secretaria municipal de Sa\u00fade<\/p>\n\n\n\n<figure class=\"wp-block-video\"><video controls src=\"https:\/\/semus.pmsaraguaia.pa.gov.br\/wp-content\/uploads\/2023\/01\/vid-h46dgfj46df46hdr4jhn6dfgj.mp4\"><\/video><\/figure>\n","protected":false},"excerpt":{"rendered":"<p>Aten\u00e7\u00e3o prim\u00e1ria a sa\u00fade APS, e o conjunto de a\u00e7\u00f5es de sa\u00fade individuais familiares e coletivas, que envolvem promo\u00e7\u00e3o preven\u00e7\u00e3o, prote\u00e7\u00e3o diagn\u00f3stico, tratamento e reabilita\u00e7\u00e3o, redu\u00e7\u00e3o de danos cuidados paliativos, e vigil\u00e2ncia em sa\u00fade; desenvolvido por meio de pr\u00e1ticas de cuidado integrado e gest\u00e3o qualificada. SANTANA ESSE CH\u00c3O \u00c9 NOSSO!! EDUARDO DA MACHADO PREFEITOCATARINA CARVELI &hellip;<\/p>\n","protected":false},"author":3,"featured_media":916,"comment_status":"open","ping_status":"open","sticky":false,"template":"","format":"standard","meta":{"footnotes":""},"categories":[1],"tags":[],"_links":{"self":[{"href":"https:\/\/semus.pmsaraguaia.pa.gov.br\/index.php?rest_route=\/wp\/v2\/posts\/918"}],"collection":[{"href":"https:\/\/semus.pmsaraguaia.pa.gov.br\/index.php?rest_route=\/wp\/v2\/posts"}],"about":[{"href":"https:\/\/semus.pmsaraguaia.pa.gov.br\/index.php?rest_route=\/wp\/v2\/types\/post"}],"author":[{"embeddable":true,"href":"https:\/\/semus.pmsaraguaia.pa.gov.br\/index.php?rest_route=\/wp\/v2\/users\/3"}],"replies":[{"embeddable":true,"href":"https:\/\/semus.pmsaraguaia.pa.gov.br\/index.php?rest_route=%2Fwp%2Fv2%2Fcomments&post=918"}],"version-history":[{"count":1,"href":"https:\/\/semus.pmsaraguaia.pa.gov.br\/index.php?rest_route=\/wp\/v2\/posts\/918\/revisions"}],"predecessor-version":[{"id":919,"href":"https:\/\/semus.pmsaraguaia.pa.gov.br\/index.php?rest_route=\/wp\/v2\/posts\/918\/revisions\/919"}],"wp:featuredmedia":[{"embeddable":true,"href":"https:\/\/semus.pmsaraguaia.pa.gov.br\/index.php?rest_route=\/wp\/v2\/media\/916"}],"wp:attachment":[{"href":"https:\/\/semus.pmsaraguaia.pa.gov.br\/index.php?rest_route=%2Fwp%2Fv2%2Fmedia&parent=918"}],"wp:term":[{"taxonomy":"category","embeddable":true,"href":"https:\/\/semus.pmsaraguaia.pa.gov.br\/index.php?rest_route=%2Fwp%2Fv2%2Fcategories&post=918"},{"taxonomy":"post_tag","embeddable":true,"href":"https:\/\/semus.pmsaraguaia.pa.gov.br\/index.php?rest_route=%2Fwp%2Fv2%2Ftags&post=918"}],"curies":[{"name":"wp","href":"https:\/\/api.w.org\/{rel}","templated":true}]}}