{"id":906,"date":"2022-12-15T12:38:17","date_gmt":"2022-12-15T15:38:17","guid":{"rendered":"https:\/\/semus.pmsaraguaia.pa.gov.br\/?p=906"},"modified":"2023-08-03T10:36:45","modified_gmt":"2023-08-03T13:36:45","slug":"dezembro-laranja","status":"publish","type":"post","link":"https:\/\/semus.pmsaraguaia.pa.gov.br\/?p=906","title":{"rendered":"Dezembro Laranja"},"content":{"rendered":"\n<p>Dezembro Laranja&#8221; Alerta Para a preven\u00e7\u00e3o Do C\u00e2ncer De Pele,<br>A doen\u00e7a \u00e9 provocada pelo crescimento anormal e descontrolada das c\u00e9lulas, que comp\u00f5e a pele, Essas c\u00e9lulas se disp\u00f5e, formando camadas, e de acordo com as que forem afetadas s\u00e3o definidas as diferentes tipos de c\u00e2ncer de pele, em casos de d\u00favidas, procure as estrat\u00e9gias de sa\u00fade de santana do araguaia e fa\u00e7a seu exame&#8221; A secret\u00e1ria de sa\u00fade Kelly conti ressaltou o alerta \u00e9 importante e fundamental para toda comunidade santanense<br>sa\u00fade \u00e9 nossa maior prioridade.<\/p>\n\n\n\n<p>SANTANA ESSE CH\u00c3O \u00c9 NOSSO!! EDUARDO DA MACHADO PREFEITO<br>CATARINA CARVELI VICE PREFEITA<\/p>\n\n\n\n<p>Fonte: secretaria municipal de Sa\u00fade<\/p>\n\n\n\n<figure class=\"wp-block-video\"><video controls src=\"https:\/\/semus.pmsaraguaia.pa.gov.br\/wp-content\/uploads\/2022\/12\/vid-f464gh646h54jk6hj4lk6hj.mp4\"><\/video><\/figure>\n","protected":false},"excerpt":{"rendered":"<p>Dezembro Laranja&#8221; Alerta Para a preven\u00e7\u00e3o Do C\u00e2ncer De Pele,A doen\u00e7a \u00e9 provocada pelo crescimento anormal e descontrolada das c\u00e9lulas, que comp\u00f5e a pele, Essas c\u00e9lulas se disp\u00f5e, formando camadas, e de acordo com as que forem afetadas s\u00e3o definidas as diferentes tipos de c\u00e2ncer de pele, em casos de d\u00favidas, procure as estrat\u00e9gias de &hellip;<\/p>\n","protected":false},"author":3,"featured_media":905,"comment_status":"open","ping_status":"open","sticky":false,"template":"","format":"standard","meta":{"footnotes":""},"categories":[41],"tags":[],"_links":{"self":[{"href":"https:\/\/semus.pmsaraguaia.pa.gov.br\/index.php?rest_route=\/wp\/v2\/posts\/906"}],"collection":[{"href":"https:\/\/semus.pmsaraguaia.pa.gov.br\/index.php?rest_route=\/wp\/v2\/posts"}],"about":[{"href":"https:\/\/semus.pmsaraguaia.pa.gov.br\/index.php?rest_route=\/wp\/v2\/types\/post"}],"author":[{"embeddable":true,"href":"https:\/\/semus.pmsaraguaia.pa.gov.br\/index.php?rest_route=\/wp\/v2\/users\/3"}],"replies":[{"embeddable":true,"href":"https:\/\/semus.pmsaraguaia.pa.gov.br\/index.php?rest_route=%2Fwp%2Fv2%2Fcomments&post=906"}],"version-history":[{"count":1,"href":"https:\/\/semus.pmsaraguaia.pa.gov.br\/index.php?rest_route=\/wp\/v2\/posts\/906\/revisions"}],"predecessor-version":[{"id":907,"href":"https:\/\/semus.pmsaraguaia.pa.gov.br\/index.php?rest_route=\/wp\/v2\/posts\/906\/revisions\/907"}],"wp:featuredmedia":[{"embeddable":true,"href":"https:\/\/semus.pmsaraguaia.pa.gov.br\/index.php?rest_route=\/wp\/v2\/media\/905"}],"wp:attachment":[{"href":"https:\/\/semus.pmsaraguaia.pa.gov.br\/index.php?rest_route=%2Fwp%2Fv2%2Fmedia&parent=906"}],"wp:term":[{"taxonomy":"category","embeddable":true,"href":"https:\/\/semus.pmsaraguaia.pa.gov.br\/index.php?rest_route=%2Fwp%2Fv2%2Fcategories&post=906"},{"taxonomy":"post_tag","embeddable":true,"href":"https:\/\/semus.pmsaraguaia.pa.gov.br\/index.php?rest_route=%2Fwp%2Fv2%2Ftags&post=906"}],"curies":[{"name":"wp","href":"https:\/\/api.w.org\/{rel}","templated":true}]}}