{"id":902,"date":"2022-12-13T19:24:53","date_gmt":"2022-12-13T22:24:53","guid":{"rendered":"https:\/\/semus.pmsaraguaia.pa.gov.br\/?p=902"},"modified":"2023-08-03T10:37:08","modified_gmt":"2023-08-03T13:37:08","slug":"dia-da-crianca-especial","status":"publish","type":"post","link":"https:\/\/semus.pmsaraguaia.pa.gov.br\/?p=902","title":{"rendered":"Dia da crian\u00e7a especial"},"content":{"rendered":"\n<p>O dia da crian\u00e7a especial \u00e9 comemorado no m\u00eas de dezembro, no dia 09\/12 que foi institu\u00eddo para chamar aten\u00e7\u00e3o: sobre a necessidade de respeitarmos crian\u00e7as portadoras de defici\u00eancias f\u00edsicas e psicol\u00f3gica, procuramos entender sobre o universo de cada uma dessas crian\u00e7as, pois elas precisam do nosso carinho e amor a secret\u00e1ria de sa\u00fade kelly conti, deichou uma frase de carinho para todas as crian\u00e7as&#8221;<br><em>Aprendir que o sorriso \u00e9 uma linguagem universal, E que o amor n\u00e3o precisa de voz.<\/em><\/p>\n","protected":false},"excerpt":{"rendered":"<p>O dia da crian\u00e7a especial \u00e9 comemorado no m\u00eas de dezembro, no dia 09\/12 que foi institu\u00eddo para chamar aten\u00e7\u00e3o: sobre a necessidade de respeitarmos crian\u00e7as portadoras de defici\u00eancias f\u00edsicas e psicol\u00f3gica, procuramos entender sobre o universo de cada uma dessas crian\u00e7as, pois elas precisam do nosso carinho e amor a secret\u00e1ria de sa\u00fade kelly &hellip;<\/p>\n","protected":false},"author":3,"featured_media":901,"comment_status":"open","ping_status":"open","sticky":false,"template":"","format":"standard","meta":{"footnotes":""},"categories":[1],"tags":[],"_links":{"self":[{"href":"https:\/\/semus.pmsaraguaia.pa.gov.br\/index.php?rest_route=\/wp\/v2\/posts\/902"}],"collection":[{"href":"https:\/\/semus.pmsaraguaia.pa.gov.br\/index.php?rest_route=\/wp\/v2\/posts"}],"about":[{"href":"https:\/\/semus.pmsaraguaia.pa.gov.br\/index.php?rest_route=\/wp\/v2\/types\/post"}],"author":[{"embeddable":true,"href":"https:\/\/semus.pmsaraguaia.pa.gov.br\/index.php?rest_route=\/wp\/v2\/users\/3"}],"replies":[{"embeddable":true,"href":"https:\/\/semus.pmsaraguaia.pa.gov.br\/index.php?rest_route=%2Fwp%2Fv2%2Fcomments&post=902"}],"version-history":[{"count":1,"href":"https:\/\/semus.pmsaraguaia.pa.gov.br\/index.php?rest_route=\/wp\/v2\/posts\/902\/revisions"}],"predecessor-version":[{"id":903,"href":"https:\/\/semus.pmsaraguaia.pa.gov.br\/index.php?rest_route=\/wp\/v2\/posts\/902\/revisions\/903"}],"wp:featuredmedia":[{"embeddable":true,"href":"https:\/\/semus.pmsaraguaia.pa.gov.br\/index.php?rest_route=\/wp\/v2\/media\/901"}],"wp:attachment":[{"href":"https:\/\/semus.pmsaraguaia.pa.gov.br\/index.php?rest_route=%2Fwp%2Fv2%2Fmedia&parent=902"}],"wp:term":[{"taxonomy":"category","embeddable":true,"href":"https:\/\/semus.pmsaraguaia.pa.gov.br\/index.php?rest_route=%2Fwp%2Fv2%2Fcategories&post=902"},{"taxonomy":"post_tag","embeddable":true,"href":"https:\/\/semus.pmsaraguaia.pa.gov.br\/index.php?rest_route=%2Fwp%2Fv2%2Ftags&post=902"}],"curies":[{"name":"wp","href":"https:\/\/api.w.org\/{rel}","templated":true}]}}