{"id":867,"date":"2022-11-01T08:06:37","date_gmt":"2022-11-01T11:06:37","guid":{"rendered":"https:\/\/semus.pmsaraguaia.pa.gov.br\/?p=867"},"modified":"2022-11-01T09:45:58","modified_gmt":"2022-11-01T12:45:58","slug":"homenagem-a-secretaria-de-saude","status":"publish","type":"post","link":"https:\/\/semus.pmsaraguaia.pa.gov.br\/?p=867","title":{"rendered":"Homenagem a Secretaria de Sa\u00fade"},"content":{"rendered":"\n<p>Neste domingo dia 30\/10\/2022 o pastor Rodrigo da igreja universal de Santana do Araguaia realizou um culto, para aben\u00e7oar e homenagear a secret\u00e1ria de sa\u00fade Kelly Conti e todos os servidores  foi entregue pelo Pastor  certificado de gratid\u00e3o e um livro ofertado dos membros da igreja que vai melhorar  ainda mais  o trabalho de todos; Na ocasi\u00e3o foi oferecido um lindo caf\u00e9 da manh\u00e3, um momento impor e importante para todos, o prefeito Eduardo da machado esteve presente junto com a secret\u00e1ria Kelly conti! a mesma agradeceu A Deus aos servidores  e ressaltou hoje foi um momento importante , me sinto feliz honrada pela iniciativa da igreja universal, \u00e9 importante essa valoriza\u00e7\u00e3o,  saber que a sa\u00fade \u00e9 valorizada e respeitada por todos, a mesma  ressaltou que nosso principal objetivo \u00e9 cuidar com amor e respeito;  junto com toda equipe de servidores  procuramos buscar sempre o melhor,grata a Deus por tudo. <\/p>\n\n\n\n<p>SANTANA ESSE CH\u00c3O \u00c9 NOSSO!! <\/p>\n\n\n\n<p>EDUARDO DA MACHADO <\/p>\n\n\n\n<p>PREFEITO<\/p>\n\n\n\n<p>CATARINA CARVELY <\/p>\n\n\n\n<p>VICE PREFEITA<\/p>\n\n\n\n<figure class=\"wp-block-image size-large\"><img loading=\"lazy\" decoding=\"async\" width=\"1013\" height=\"1024\" src=\"https:\/\/semus.pmsaraguaia.pa.gov.br\/wp-content\/uploads\/2022\/11\/IMG-20221101-WA0000-1013x1024.jpg\" alt=\"\" class=\"wp-image-866\" srcset=\"https:\/\/semus.pmsaraguaia.pa.gov.br\/wp-content\/uploads\/2022\/11\/IMG-20221101-WA0000-1013x1024.jpg 1013w, https:\/\/semus.pmsaraguaia.pa.gov.br\/wp-content\/uploads\/2022\/11\/IMG-20221101-WA0000-297x300.jpg 297w, https:\/\/semus.pmsaraguaia.pa.gov.br\/wp-content\/uploads\/2022\/11\/IMG-20221101-WA0000-768x776.jpg 768w, https:\/\/semus.pmsaraguaia.pa.gov.br\/wp-content\/uploads\/2022\/11\/IMG-20221101-WA0000.jpg 1266w\" sizes=\"(max-width: 1013px) 100vw, 1013px\" \/><\/figure>\n","protected":false},"excerpt":{"rendered":"<p>Neste domingo dia 30\/10\/2022 o pastor Rodrigo da igreja universal de Santana do Araguaia realizou um culto, para aben\u00e7oar e homenagear a secret\u00e1ria de sa\u00fade Kelly Conti e todos os servidores foi entregue pelo Pastor certificado de gratid\u00e3o e um livro ofertado dos membros da igreja que vai melhorar ainda mais o trabalho de todos; &hellip;<\/p>\n","protected":false},"author":2,"featured_media":870,"comment_status":"open","ping_status":"open","sticky":false,"template":"","format":"standard","meta":{"footnotes":""},"categories":[1],"tags":[],"_links":{"self":[{"href":"https:\/\/semus.pmsaraguaia.pa.gov.br\/index.php?rest_route=\/wp\/v2\/posts\/867"}],"collection":[{"href":"https:\/\/semus.pmsaraguaia.pa.gov.br\/index.php?rest_route=\/wp\/v2\/posts"}],"about":[{"href":"https:\/\/semus.pmsaraguaia.pa.gov.br\/index.php?rest_route=\/wp\/v2\/types\/post"}],"author":[{"embeddable":true,"href":"https:\/\/semus.pmsaraguaia.pa.gov.br\/index.php?rest_route=\/wp\/v2\/users\/2"}],"replies":[{"embeddable":true,"href":"https:\/\/semus.pmsaraguaia.pa.gov.br\/index.php?rest_route=%2Fwp%2Fv2%2Fcomments&post=867"}],"version-history":[{"count":3,"href":"https:\/\/semus.pmsaraguaia.pa.gov.br\/index.php?rest_route=\/wp\/v2\/posts\/867\/revisions"}],"predecessor-version":[{"id":871,"href":"https:\/\/semus.pmsaraguaia.pa.gov.br\/index.php?rest_route=\/wp\/v2\/posts\/867\/revisions\/871"}],"wp:featuredmedia":[{"embeddable":true,"href":"https:\/\/semus.pmsaraguaia.pa.gov.br\/index.php?rest_route=\/wp\/v2\/media\/870"}],"wp:attachment":[{"href":"https:\/\/semus.pmsaraguaia.pa.gov.br\/index.php?rest_route=%2Fwp%2Fv2%2Fmedia&parent=867"}],"wp:term":[{"taxonomy":"category","embeddable":true,"href":"https:\/\/semus.pmsaraguaia.pa.gov.br\/index.php?rest_route=%2Fwp%2Fv2%2Fcategories&post=867"},{"taxonomy":"post_tag","embeddable":true,"href":"https:\/\/semus.pmsaraguaia.pa.gov.br\/index.php?rest_route=%2Fwp%2Fv2%2Ftags&post=867"}],"curies":[{"name":"wp","href":"https:\/\/api.w.org\/{rel}","templated":true}]}}