{"id":849,"date":"2022-10-17T14:17:58","date_gmt":"2022-10-17T17:17:58","guid":{"rendered":"https:\/\/semus.pmsaraguaia.pa.gov.br\/?p=849"},"modified":"2022-10-17T14:18:47","modified_gmt":"2022-10-17T17:18:47","slug":"atividade-outubro-rosa-esf-dr-wagner","status":"publish","type":"post","link":"https:\/\/semus.pmsaraguaia.pa.gov.br\/?p=849","title":{"rendered":"Atividade Outubro Rosa ESF Dr. Wagner"},"content":{"rendered":"\n<p>A estrat\u00e9gia sa\u00fade da fam\u00edlia Dr: Wagner Pereira da Silva, (Posto de sa\u00fade) promoveu na manh\u00e3 desta sexta feira 14\/10\/2022 um encontro com mulheres, atendidas no posto de sa\u00fade o encontro faz parte das atividades do outubro rosa&#8221; m\u00eas de conscientiza\u00e7\u00e3o e preven\u00e7\u00e3o ao c\u00e2ncer de mama e colo do \u00fatero a coordenadora Marta Silva falou sobre a import\u00e2ncia do auto exame, e aten\u00e7\u00e3o aos sinais, a mesma tamb\u00e9m falou da consulta ao g\u00eanecologista, a psic\u00f3loga wanda tem tem fez uma palestra din\u00e2mica em que as mulheres puderam fazer perguntas e tirar d\u00favidas, sobre o tema; Ap\u00f3s a palestra foi oferecido um delicioso caf\u00e9 da manh\u00e3, e entrega de brindes, A secret\u00e1ria de sa\u00fade Kelly conti ressaltou que o evento foi muito bonito e acolhedor, a mesma agradeceu todos os servidores da sa\u00fade, que ajudaram a fazer dessa manh\u00e3 um dia mais feliz para essas mulheres.<\/p>\n\n\n\n<p>SANTANA ESSE CH\u00c3O \u00c9 NOSSO!!<\/p>\n\n\n\n<p>EDUARDO DA MACHADO PREFEITO<br>CATARINA CARVELI VICE-PREFEITA<\/p>\n\n\n\n<p>Fonte: secretaria municipal&nbsp;de&nbsp;sa\u00fade<\/p>\n\n\n\n<figure class=\"wp-block-image size-large\"><img loading=\"lazy\" decoding=\"async\" width=\"1024\" height=\"1024\" src=\"https:\/\/semus.pmsaraguaia.pa.gov.br\/wp-content\/uploads\/2022\/10\/img_16461654984561-1024x1024.jpg\" alt=\"\" class=\"wp-image-848\" srcset=\"https:\/\/semus.pmsaraguaia.pa.gov.br\/wp-content\/uploads\/2022\/10\/img_16461654984561-1024x1024.jpg 1024w, https:\/\/semus.pmsaraguaia.pa.gov.br\/wp-content\/uploads\/2022\/10\/img_16461654984561-300x300.jpg 300w, https:\/\/semus.pmsaraguaia.pa.gov.br\/wp-content\/uploads\/2022\/10\/img_16461654984561-150x150.jpg 150w, https:\/\/semus.pmsaraguaia.pa.gov.br\/wp-content\/uploads\/2022\/10\/img_16461654984561-768x768.jpg 768w, https:\/\/semus.pmsaraguaia.pa.gov.br\/wp-content\/uploads\/2022\/10\/img_16461654984561-1536x1536.jpg 1536w, https:\/\/semus.pmsaraguaia.pa.gov.br\/wp-content\/uploads\/2022\/10\/img_16461654984561.jpg 1600w\" sizes=\"(max-width: 1024px) 100vw, 1024px\" \/><\/figure>\n","protected":false},"excerpt":{"rendered":"<p>A estrat\u00e9gia sa\u00fade da fam\u00edlia Dr: Wagner Pereira da Silva, (Posto de sa\u00fade) promoveu na manh\u00e3 desta sexta feira 14\/10\/2022 um encontro com mulheres, atendidas no posto de sa\u00fade o encontro faz parte das atividades do outubro rosa&#8221; m\u00eas de conscientiza\u00e7\u00e3o e preven\u00e7\u00e3o ao c\u00e2ncer de mama e colo do \u00fatero a coordenadora Marta Silva &hellip;<\/p>\n","protected":false},"author":3,"featured_media":847,"comment_status":"open","ping_status":"open","sticky":false,"template":"","format":"standard","meta":{"footnotes":""},"categories":[41,1],"tags":[],"_links":{"self":[{"href":"https:\/\/semus.pmsaraguaia.pa.gov.br\/index.php?rest_route=\/wp\/v2\/posts\/849"}],"collection":[{"href":"https:\/\/semus.pmsaraguaia.pa.gov.br\/index.php?rest_route=\/wp\/v2\/posts"}],"about":[{"href":"https:\/\/semus.pmsaraguaia.pa.gov.br\/index.php?rest_route=\/wp\/v2\/types\/post"}],"author":[{"embeddable":true,"href":"https:\/\/semus.pmsaraguaia.pa.gov.br\/index.php?rest_route=\/wp\/v2\/users\/3"}],"replies":[{"embeddable":true,"href":"https:\/\/semus.pmsaraguaia.pa.gov.br\/index.php?rest_route=%2Fwp%2Fv2%2Fcomments&post=849"}],"version-history":[{"count":1,"href":"https:\/\/semus.pmsaraguaia.pa.gov.br\/index.php?rest_route=\/wp\/v2\/posts\/849\/revisions"}],"predecessor-version":[{"id":850,"href":"https:\/\/semus.pmsaraguaia.pa.gov.br\/index.php?rest_route=\/wp\/v2\/posts\/849\/revisions\/850"}],"wp:featuredmedia":[{"embeddable":true,"href":"https:\/\/semus.pmsaraguaia.pa.gov.br\/index.php?rest_route=\/wp\/v2\/media\/847"}],"wp:attachment":[{"href":"https:\/\/semus.pmsaraguaia.pa.gov.br\/index.php?rest_route=%2Fwp%2Fv2%2Fmedia&parent=849"}],"wp:term":[{"taxonomy":"category","embeddable":true,"href":"https:\/\/semus.pmsaraguaia.pa.gov.br\/index.php?rest_route=%2Fwp%2Fv2%2Fcategories&post=849"},{"taxonomy":"post_tag","embeddable":true,"href":"https:\/\/semus.pmsaraguaia.pa.gov.br\/index.php?rest_route=%2Fwp%2Fv2%2Ftags&post=849"}],"curies":[{"name":"wp","href":"https:\/\/api.w.org\/{rel}","templated":true}]}}