{"id":842,"date":"2022-10-10T11:59:47","date_gmt":"2022-10-10T14:59:47","guid":{"rendered":"https:\/\/semus.pmsaraguaia.pa.gov.br\/?p=842"},"modified":"2022-10-17T14:18:53","modified_gmt":"2022-10-17T17:18:53","slug":"campanha-outubro-rosa","status":"publish","type":"post","link":"https:\/\/semus.pmsaraguaia.pa.gov.br\/?p=842","title":{"rendered":"Campanha OUTUBRO ROSA"},"content":{"rendered":"\n<p>Nesta ter\u00e7a-feira dia 04\/10\/2022 a Secretaria municipal de sa\u00fade, de Santana do Araguaia iniciou atrav\u00e9s do (ESF) Posto de Sa\u00fade irm\u00e3 Renner Jeane Delorne em Barreira do campo, as a\u00e7\u00f5es da Campanha OUTUBRO ROSA que visa alertar mulheres para a import\u00e2ncia do diagn\u00f3stico precoce, do c\u00e2ncer de mama e colo do \u00fatero. Durante o evento foram realizadas v\u00e1rias atividades; aulas de ritimo, palestras, sorteios de brindes, e uma caminhada pelas ruas da cidade, com o tema espec\u00edfico; A luta dela tamb\u00e9m \u00e9 minha luta a secret\u00e1ria de sa\u00fade Kelly conti destacou que neste m\u00eas de outubro, queremos refor\u00e7ar ainda mais as a\u00e7\u00f5es que est\u00e3o sendo realizada na sa\u00fade do munic\u00edpio, conscientizar e buscar \u00e0 preven\u00e7\u00e3o contra o c\u00e2ncer de mama e colo do \u00fatero<\/p>\n\n\n\n<h1 class=\"wp-block-heading\">SANTANA ESSE CH\u00c3O \u00c9 NOSSO<\/h1>\n\n\n\n<p>EDUARDO DA MACHADO PREFEITO<br>CATARINA CARVELI VICE-PREFEITA<\/p>\n\n\n\n<p>Fonte: secretaria municipal de sa\u00fade<\/p>\n\n\n\n<figure class=\"wp-block-image size-large\"><img loading=\"lazy\" decoding=\"async\" width=\"1024\" height=\"1024\" src=\"https:\/\/semus.pmsaraguaia.pa.gov.br\/wp-content\/uploads\/2022\/10\/img_123-1024x1024.jpeg\" alt=\"\" class=\"wp-image-841\" srcset=\"https:\/\/semus.pmsaraguaia.pa.gov.br\/wp-content\/uploads\/2022\/10\/img_123-1024x1024.jpeg 1024w, https:\/\/semus.pmsaraguaia.pa.gov.br\/wp-content\/uploads\/2022\/10\/img_123-300x300.jpeg 300w, https:\/\/semus.pmsaraguaia.pa.gov.br\/wp-content\/uploads\/2022\/10\/img_123-150x150.jpeg 150w, https:\/\/semus.pmsaraguaia.pa.gov.br\/wp-content\/uploads\/2022\/10\/img_123-768x768.jpeg 768w, https:\/\/semus.pmsaraguaia.pa.gov.br\/wp-content\/uploads\/2022\/10\/img_123-1536x1536.jpeg 1536w, https:\/\/semus.pmsaraguaia.pa.gov.br\/wp-content\/uploads\/2022\/10\/img_123.jpeg 1600w\" sizes=\"(max-width: 1024px) 100vw, 1024px\" \/><\/figure>\n","protected":false},"excerpt":{"rendered":"<p>Nesta ter\u00e7a-feira dia 04\/10\/2022 a Secretaria municipal de sa\u00fade, de Santana do Araguaia iniciou atrav\u00e9s do (ESF) Posto de Sa\u00fade irm\u00e3 Renner Jeane Delorne em Barreira do campo, as a\u00e7\u00f5es da Campanha OUTUBRO ROSA que visa alertar mulheres para a import\u00e2ncia do diagn\u00f3stico precoce, do c\u00e2ncer de mama e colo do \u00fatero. Durante o evento &hellip;<\/p>\n","protected":false},"author":3,"featured_media":843,"comment_status":"open","ping_status":"open","sticky":false,"template":"","format":"standard","meta":{"footnotes":""},"categories":[1],"tags":[],"_links":{"self":[{"href":"https:\/\/semus.pmsaraguaia.pa.gov.br\/index.php?rest_route=\/wp\/v2\/posts\/842"}],"collection":[{"href":"https:\/\/semus.pmsaraguaia.pa.gov.br\/index.php?rest_route=\/wp\/v2\/posts"}],"about":[{"href":"https:\/\/semus.pmsaraguaia.pa.gov.br\/index.php?rest_route=\/wp\/v2\/types\/post"}],"author":[{"embeddable":true,"href":"https:\/\/semus.pmsaraguaia.pa.gov.br\/index.php?rest_route=\/wp\/v2\/users\/3"}],"replies":[{"embeddable":true,"href":"https:\/\/semus.pmsaraguaia.pa.gov.br\/index.php?rest_route=%2Fwp%2Fv2%2Fcomments&post=842"}],"version-history":[{"count":1,"href":"https:\/\/semus.pmsaraguaia.pa.gov.br\/index.php?rest_route=\/wp\/v2\/posts\/842\/revisions"}],"predecessor-version":[{"id":844,"href":"https:\/\/semus.pmsaraguaia.pa.gov.br\/index.php?rest_route=\/wp\/v2\/posts\/842\/revisions\/844"}],"wp:featuredmedia":[{"embeddable":true,"href":"https:\/\/semus.pmsaraguaia.pa.gov.br\/index.php?rest_route=\/wp\/v2\/media\/843"}],"wp:attachment":[{"href":"https:\/\/semus.pmsaraguaia.pa.gov.br\/index.php?rest_route=%2Fwp%2Fv2%2Fmedia&parent=842"}],"wp:term":[{"taxonomy":"category","embeddable":true,"href":"https:\/\/semus.pmsaraguaia.pa.gov.br\/index.php?rest_route=%2Fwp%2Fv2%2Fcategories&post=842"},{"taxonomy":"post_tag","embeddable":true,"href":"https:\/\/semus.pmsaraguaia.pa.gov.br\/index.php?rest_route=%2Fwp%2Fv2%2Ftags&post=842"}],"curies":[{"name":"wp","href":"https:\/\/api.w.org\/{rel}","templated":true}]}}