{"id":829,"date":"2022-09-29T14:49:15","date_gmt":"2022-09-29T17:49:15","guid":{"rendered":"https:\/\/semus.pmsaraguaia.pa.gov.br\/?p=829"},"modified":"2022-10-17T14:19:00","modified_gmt":"2022-10-17T17:19:00","slug":"saude-na-escola-esc-pio-barroso","status":"publish","type":"post","link":"https:\/\/semus.pmsaraguaia.pa.gov.br\/?p=829","title":{"rendered":"Sa\u00fade na Escola &#8211; Esc. Pio Barroso"},"content":{"rendered":"\n<p>Foi realizado no dia 28\/09\/2022 na escola irm\u00e3o pio Barroso, o programa Sa\u00fade na Escola, com alguns &#8220;Temas&#8221; entre eles preven\u00e7\u00e3o ao uso de \u00e1lcool e drogas\/ o foco do projeto \u00e9 preventivo, educativo, e social , almejando grandes reflex\u00f5es; A Secret\u00e1ria municipal de sa\u00fade Kelly conti destacou que \u00e9 necess\u00e1rio termos uma vis\u00e3o inovadora e preventiva.<\/p>\n\n\n\n<p>SANTANA ESSE CH\u00c3O \u00c9 NOSSO!!<\/p>\n\n\n\n<p>EDUARDO DA MACHADO PREFEITO CATARINA CARVELI VICE-PREFEITA<\/p>\n\n\n\n<p>Fonte: Secretaria municipal de sa\u00fade<\/p>\n\n\n\n<figure class=\"wp-block-image size-large\"><img loading=\"lazy\" decoding=\"async\" width=\"1024\" height=\"1024\" src=\"https:\/\/semus.pmsaraguaia.pa.gov.br\/wp-content\/uploads\/2022\/09\/WhatsApp-Image-2022-09-29-at-14.45.57-1024x1024.jpeg\" alt=\"\" class=\"wp-image-831\" srcset=\"https:\/\/semus.pmsaraguaia.pa.gov.br\/wp-content\/uploads\/2022\/09\/WhatsApp-Image-2022-09-29-at-14.45.57-1024x1024.jpeg 1024w, https:\/\/semus.pmsaraguaia.pa.gov.br\/wp-content\/uploads\/2022\/09\/WhatsApp-Image-2022-09-29-at-14.45.57-300x300.jpeg 300w, https:\/\/semus.pmsaraguaia.pa.gov.br\/wp-content\/uploads\/2022\/09\/WhatsApp-Image-2022-09-29-at-14.45.57-150x150.jpeg 150w, https:\/\/semus.pmsaraguaia.pa.gov.br\/wp-content\/uploads\/2022\/09\/WhatsApp-Image-2022-09-29-at-14.45.57-768x768.jpeg 768w, https:\/\/semus.pmsaraguaia.pa.gov.br\/wp-content\/uploads\/2022\/09\/WhatsApp-Image-2022-09-29-at-14.45.57-1536x1536.jpeg 1536w, https:\/\/semus.pmsaraguaia.pa.gov.br\/wp-content\/uploads\/2022\/09\/WhatsApp-Image-2022-09-29-at-14.45.57.jpeg 1600w\" sizes=\"(max-width: 1024px) 100vw, 1024px\" \/><\/figure>\n","protected":false},"excerpt":{"rendered":"<p>Foi realizado no dia 28\/09\/2022 na escola irm\u00e3o pio Barroso, o programa Sa\u00fade na Escola, com alguns &#8220;Temas&#8221; entre eles preven\u00e7\u00e3o ao uso de \u00e1lcool e drogas\/ o foco do projeto \u00e9 preventivo, educativo, e social , almejando grandes reflex\u00f5es; A Secret\u00e1ria municipal de sa\u00fade Kelly conti destacou que \u00e9 necess\u00e1rio termos uma vis\u00e3o inovadora &hellip;<\/p>\n","protected":false},"author":3,"featured_media":830,"comment_status":"open","ping_status":"open","sticky":false,"template":"","format":"standard","meta":{"footnotes":""},"categories":[1],"tags":[],"_links":{"self":[{"href":"https:\/\/semus.pmsaraguaia.pa.gov.br\/index.php?rest_route=\/wp\/v2\/posts\/829"}],"collection":[{"href":"https:\/\/semus.pmsaraguaia.pa.gov.br\/index.php?rest_route=\/wp\/v2\/posts"}],"about":[{"href":"https:\/\/semus.pmsaraguaia.pa.gov.br\/index.php?rest_route=\/wp\/v2\/types\/post"}],"author":[{"embeddable":true,"href":"https:\/\/semus.pmsaraguaia.pa.gov.br\/index.php?rest_route=\/wp\/v2\/users\/3"}],"replies":[{"embeddable":true,"href":"https:\/\/semus.pmsaraguaia.pa.gov.br\/index.php?rest_route=%2Fwp%2Fv2%2Fcomments&post=829"}],"version-history":[{"count":1,"href":"https:\/\/semus.pmsaraguaia.pa.gov.br\/index.php?rest_route=\/wp\/v2\/posts\/829\/revisions"}],"predecessor-version":[{"id":832,"href":"https:\/\/semus.pmsaraguaia.pa.gov.br\/index.php?rest_route=\/wp\/v2\/posts\/829\/revisions\/832"}],"wp:featuredmedia":[{"embeddable":true,"href":"https:\/\/semus.pmsaraguaia.pa.gov.br\/index.php?rest_route=\/wp\/v2\/media\/830"}],"wp:attachment":[{"href":"https:\/\/semus.pmsaraguaia.pa.gov.br\/index.php?rest_route=%2Fwp%2Fv2%2Fmedia&parent=829"}],"wp:term":[{"taxonomy":"category","embeddable":true,"href":"https:\/\/semus.pmsaraguaia.pa.gov.br\/index.php?rest_route=%2Fwp%2Fv2%2Fcategories&post=829"},{"taxonomy":"post_tag","embeddable":true,"href":"https:\/\/semus.pmsaraguaia.pa.gov.br\/index.php?rest_route=%2Fwp%2Fv2%2Ftags&post=829"}],"curies":[{"name":"wp","href":"https:\/\/api.w.org\/{rel}","templated":true}]}}