{"id":824,"date":"2022-09-26T13:16:36","date_gmt":"2022-09-26T16:16:36","guid":{"rendered":"https:\/\/semus.pmsaraguaia.pa.gov.br\/?p=824"},"modified":"2022-10-17T14:19:05","modified_gmt":"2022-10-17T17:19:05","slug":"entregas-de-152-kits-de-trabalho-e-protecao-para-os-acs","status":"publish","type":"post","link":"https:\/\/semus.pmsaraguaia.pa.gov.br\/?p=824","title":{"rendered":"Entregas de 152 kits de trabalho e prote\u00e7\u00e3o para os ACS"},"content":{"rendered":"\n<p>A Secretaria de sa\u00fade realizou no dia 23\/09\/2022 Na escola DR: WAGNER PEREIRA as entregas de 152 kits de trabalho e prote\u00e7\u00e3o para os ACS (agente comunit\u00e1rio de sa\u00fade) no evento tamb\u00e9m teve Sorteio de Brindes Para os &#8220;ACS&#8221; esteve presente no evento o prefeito Eduardo da machado, vereadores, e secret\u00e1rios, &#8220;\u00c9 um momento de reconstru\u00e7\u00e3o na sa\u00fade, as a\u00e7\u00f5es s\u00e3o para efetivar resultados positivos, e cuidar do nosso povo santanense&#8221; Ressaltou a Secret\u00e1ria municipal de sa\u00fade Kelly conti.<\/p>\n\n\n\n<h1 class=\"wp-block-heading\">SANTANA ESSE CH\u00c3O \u00c9 NOSSO<\/h1>\n\n\n\n<p>EDUARDO DA MACHADO PREFEITO<br>CATARINA CARVELI VICE-PREFEITA<\/p>\n\n\n\n<p>Fonte: secretaria municipal de sa\u00fade<\/p>\n\n\n\n<figure class=\"wp-block-image size-large\"><img loading=\"lazy\" decoding=\"async\" width=\"1024\" height=\"1024\" src=\"https:\/\/semus.pmsaraguaia.pa.gov.br\/wp-content\/uploads\/2022\/09\/WhatsApp-Image-2022-09-26-at-13.09.19-1024x1024.jpeg\" alt=\"\" class=\"wp-image-826\" srcset=\"https:\/\/semus.pmsaraguaia.pa.gov.br\/wp-content\/uploads\/2022\/09\/WhatsApp-Image-2022-09-26-at-13.09.19-1024x1024.jpeg 1024w, https:\/\/semus.pmsaraguaia.pa.gov.br\/wp-content\/uploads\/2022\/09\/WhatsApp-Image-2022-09-26-at-13.09.19-300x300.jpeg 300w, https:\/\/semus.pmsaraguaia.pa.gov.br\/wp-content\/uploads\/2022\/09\/WhatsApp-Image-2022-09-26-at-13.09.19-150x150.jpeg 150w, https:\/\/semus.pmsaraguaia.pa.gov.br\/wp-content\/uploads\/2022\/09\/WhatsApp-Image-2022-09-26-at-13.09.19-768x768.jpeg 768w, https:\/\/semus.pmsaraguaia.pa.gov.br\/wp-content\/uploads\/2022\/09\/WhatsApp-Image-2022-09-26-at-13.09.19-1536x1536.jpeg 1536w, https:\/\/semus.pmsaraguaia.pa.gov.br\/wp-content\/uploads\/2022\/09\/WhatsApp-Image-2022-09-26-at-13.09.19.jpeg 1600w\" sizes=\"(max-width: 1024px) 100vw, 1024px\" \/><\/figure>\n","protected":false},"excerpt":{"rendered":"<p>A Secretaria de sa\u00fade realizou no dia 23\/09\/2022 Na escola DR: WAGNER PEREIRA as entregas de 152 kits de trabalho e prote\u00e7\u00e3o para os ACS (agente comunit\u00e1rio de sa\u00fade) no evento tamb\u00e9m teve Sorteio de Brindes Para os &#8220;ACS&#8221; esteve presente no evento o prefeito Eduardo da machado, vereadores, e secret\u00e1rios, &#8220;\u00c9 um momento de &hellip;<\/p>\n","protected":false},"author":3,"featured_media":825,"comment_status":"open","ping_status":"open","sticky":false,"template":"","format":"standard","meta":{"footnotes":""},"categories":[41,1],"tags":[],"_links":{"self":[{"href":"https:\/\/semus.pmsaraguaia.pa.gov.br\/index.php?rest_route=\/wp\/v2\/posts\/824"}],"collection":[{"href":"https:\/\/semus.pmsaraguaia.pa.gov.br\/index.php?rest_route=\/wp\/v2\/posts"}],"about":[{"href":"https:\/\/semus.pmsaraguaia.pa.gov.br\/index.php?rest_route=\/wp\/v2\/types\/post"}],"author":[{"embeddable":true,"href":"https:\/\/semus.pmsaraguaia.pa.gov.br\/index.php?rest_route=\/wp\/v2\/users\/3"}],"replies":[{"embeddable":true,"href":"https:\/\/semus.pmsaraguaia.pa.gov.br\/index.php?rest_route=%2Fwp%2Fv2%2Fcomments&post=824"}],"version-history":[{"count":1,"href":"https:\/\/semus.pmsaraguaia.pa.gov.br\/index.php?rest_route=\/wp\/v2\/posts\/824\/revisions"}],"predecessor-version":[{"id":827,"href":"https:\/\/semus.pmsaraguaia.pa.gov.br\/index.php?rest_route=\/wp\/v2\/posts\/824\/revisions\/827"}],"wp:featuredmedia":[{"embeddable":true,"href":"https:\/\/semus.pmsaraguaia.pa.gov.br\/index.php?rest_route=\/wp\/v2\/media\/825"}],"wp:attachment":[{"href":"https:\/\/semus.pmsaraguaia.pa.gov.br\/index.php?rest_route=%2Fwp%2Fv2%2Fmedia&parent=824"}],"wp:term":[{"taxonomy":"category","embeddable":true,"href":"https:\/\/semus.pmsaraguaia.pa.gov.br\/index.php?rest_route=%2Fwp%2Fv2%2Fcategories&post=824"},{"taxonomy":"post_tag","embeddable":true,"href":"https:\/\/semus.pmsaraguaia.pa.gov.br\/index.php?rest_route=%2Fwp%2Fv2%2Ftags&post=824"}],"curies":[{"name":"wp","href":"https:\/\/api.w.org\/{rel}","templated":true}]}}