{"id":818,"date":"2022-09-22T14:36:24","date_gmt":"2022-09-22T17:36:24","guid":{"rendered":"https:\/\/semus.pmsaraguaia.pa.gov.br\/?p=818"},"modified":"2022-09-22T14:38:40","modified_gmt":"2022-09-22T17:38:40","slug":"acao-da-campanha-setembro-amarelo","status":"publish","type":"post","link":"https:\/\/semus.pmsaraguaia.pa.gov.br\/?p=818","title":{"rendered":"A\u00e7\u00e3o da Campanha Setembro Amarelo"},"content":{"rendered":"\n<p>Neste dia 21\/09\/2022 na Escola TEC caraj\u00e1s foi realizado a Campanha &#8220;setembro amarelo&#8221; A\u00e7\u00e3o promovida pela secretaria municipal de sa\u00fade (Semus) com a parceria da secretaria de educa\u00e7\u00e3o e cultura para os alunos do Ensino m\u00e9dio e fundamental, tivemos<br>Palestras com CAPS Centro de aten\u00e7\u00e3o Psicossocial, profissionais da sa\u00fade, da Educa\u00e7\u00e3o, psic\u00f3logo, assistente social, e pedagogo, a ideia da campanha \u00e9 promover espa\u00e7o para debates, eventos sobre a sa\u00fade mental, e a import\u00e2ncia de preservar a vida! nosso objetivo \u00e9 levar informa\u00e7\u00f5es a popula\u00e7\u00e3o e orientar as pessoas a encontrar ajuda, explicou a secret\u00e1ria de sa\u00fade Kelly conti.<\/p>\n\n\n\n<p>SANTANA ESSE CH\u00c3O \u00c9 NOSSO!!<\/p>\n\n\n\n<p>EDUARDO DA MACHADO PREFEITO CATARINA CARVELI VICE-PREFEITA<\/p>\n\n\n\n<p>Fonte: secretaria municipal de sa\u00fade<\/p>\n\n\n\n<figure class=\"wp-block-image size-large\"><img loading=\"lazy\" decoding=\"async\" width=\"1024\" height=\"1024\" src=\"https:\/\/semus.pmsaraguaia.pa.gov.br\/wp-content\/uploads\/2022\/09\/WhatsApp-Image-2022-09-22-at-07.10.32-1024x1024.jpeg\" alt=\"\" class=\"wp-image-819\" srcset=\"https:\/\/semus.pmsaraguaia.pa.gov.br\/wp-content\/uploads\/2022\/09\/WhatsApp-Image-2022-09-22-at-07.10.32-1024x1024.jpeg 1024w, https:\/\/semus.pmsaraguaia.pa.gov.br\/wp-content\/uploads\/2022\/09\/WhatsApp-Image-2022-09-22-at-07.10.32-300x300.jpeg 300w, https:\/\/semus.pmsaraguaia.pa.gov.br\/wp-content\/uploads\/2022\/09\/WhatsApp-Image-2022-09-22-at-07.10.32-150x150.jpeg 150w, https:\/\/semus.pmsaraguaia.pa.gov.br\/wp-content\/uploads\/2022\/09\/WhatsApp-Image-2022-09-22-at-07.10.32-768x768.jpeg 768w, https:\/\/semus.pmsaraguaia.pa.gov.br\/wp-content\/uploads\/2022\/09\/WhatsApp-Image-2022-09-22-at-07.10.32-1536x1536.jpeg 1536w, https:\/\/semus.pmsaraguaia.pa.gov.br\/wp-content\/uploads\/2022\/09\/WhatsApp-Image-2022-09-22-at-07.10.32.jpeg 1600w\" sizes=\"(max-width: 1024px) 100vw, 1024px\" \/><\/figure>\n","protected":false},"excerpt":{"rendered":"<p>Neste dia 21\/09\/2022 na Escola TEC caraj\u00e1s foi realizado a Campanha &#8220;setembro amarelo&#8221; A\u00e7\u00e3o promovida pela secretaria municipal de sa\u00fade (Semus) com a parceria da secretaria de educa\u00e7\u00e3o e cultura para os alunos do Ensino m\u00e9dio e fundamental, tivemosPalestras com CAPS Centro de aten\u00e7\u00e3o Psicossocial, profissionais da sa\u00fade, da Educa\u00e7\u00e3o, psic\u00f3logo, assistente social, e pedagogo, &hellip;<\/p>\n","protected":false},"author":3,"featured_media":821,"comment_status":"open","ping_status":"open","sticky":false,"template":"","format":"standard","meta":{"footnotes":""},"categories":[41,1],"tags":[],"_links":{"self":[{"href":"https:\/\/semus.pmsaraguaia.pa.gov.br\/index.php?rest_route=\/wp\/v2\/posts\/818"}],"collection":[{"href":"https:\/\/semus.pmsaraguaia.pa.gov.br\/index.php?rest_route=\/wp\/v2\/posts"}],"about":[{"href":"https:\/\/semus.pmsaraguaia.pa.gov.br\/index.php?rest_route=\/wp\/v2\/types\/post"}],"author":[{"embeddable":true,"href":"https:\/\/semus.pmsaraguaia.pa.gov.br\/index.php?rest_route=\/wp\/v2\/users\/3"}],"replies":[{"embeddable":true,"href":"https:\/\/semus.pmsaraguaia.pa.gov.br\/index.php?rest_route=%2Fwp%2Fv2%2Fcomments&post=818"}],"version-history":[{"count":2,"href":"https:\/\/semus.pmsaraguaia.pa.gov.br\/index.php?rest_route=\/wp\/v2\/posts\/818\/revisions"}],"predecessor-version":[{"id":822,"href":"https:\/\/semus.pmsaraguaia.pa.gov.br\/index.php?rest_route=\/wp\/v2\/posts\/818\/revisions\/822"}],"wp:featuredmedia":[{"embeddable":true,"href":"https:\/\/semus.pmsaraguaia.pa.gov.br\/index.php?rest_route=\/wp\/v2\/media\/821"}],"wp:attachment":[{"href":"https:\/\/semus.pmsaraguaia.pa.gov.br\/index.php?rest_route=%2Fwp%2Fv2%2Fmedia&parent=818"}],"wp:term":[{"taxonomy":"category","embeddable":true,"href":"https:\/\/semus.pmsaraguaia.pa.gov.br\/index.php?rest_route=%2Fwp%2Fv2%2Fcategories&post=818"},{"taxonomy":"post_tag","embeddable":true,"href":"https:\/\/semus.pmsaraguaia.pa.gov.br\/index.php?rest_route=%2Fwp%2Fv2%2Ftags&post=818"}],"curies":[{"name":"wp","href":"https:\/\/api.w.org\/{rel}","templated":true}]}}