{"id":813,"date":"2022-09-21T15:39:53","date_gmt":"2022-09-21T18:39:53","guid":{"rendered":"https:\/\/semus.pmsaraguaia.pa.gov.br\/?p=813"},"modified":"2022-09-21T15:39:55","modified_gmt":"2022-09-21T18:39:55","slug":"saude-na-escola-dona-maria-eliza","status":"publish","type":"post","link":"https:\/\/semus.pmsaraguaia.pa.gov.br\/?p=813","title":{"rendered":"Sa\u00fade Na Escola Dona Maria Eliza"},"content":{"rendered":"\n<p>Foi realizado neste dia 20\/09\/2022 na Escola Dona Maria Eliza o Programa com o tema: Sa\u00fade Na Escola (PSE) o mesmo contou com a presen\u00e7a da coordenadora do SAMU Nayara Soares, que ministrou uma palestra para as crian\u00e7as, e orientou para todos presentes; como proceder em casos de acidente, O programa Sa\u00fade na Escola tem um Papel importante no desenvolvimento saud\u00e1vel dessas crian\u00e7as, na medida que amplia o acesso aos servi\u00e7os de sa\u00fade, e refor\u00e7a o v\u00ednculo delas com suas unidades B\u00e1sica de Sa\u00fade; precisamos cada vez mais&#8217; fortalecer essa parceria, para garantir mais sa\u00fade e qualidade de vida, para as nossas crian\u00e7as, explicou a secret\u00e1ria municipal de sa\u00fade Kelly conti.<\/p>\n\n\n\n<p>SANTANA ESSE CH\u00c3O \u00c9 NOSSO!<\/p>\n\n\n\n<p>EDUARDO DA MACHADO PREFEITO<br>CATARINA CARVELI VICE-PREFEITA<\/p>\n\n\n\n<p>Fonte: secretaria municipal de sa\u00fade<\/p>\n","protected":false},"excerpt":{"rendered":"<p>Foi realizado neste dia 20\/09\/2022 na Escola Dona Maria Eliza o Programa com o tema: Sa\u00fade Na Escola (PSE) o mesmo contou com a presen\u00e7a da coordenadora do SAMU Nayara Soares, que ministrou uma palestra para as crian\u00e7as, e orientou para todos presentes; como proceder em casos de acidente, O programa Sa\u00fade na Escola tem &hellip;<\/p>\n","protected":false},"author":3,"featured_media":814,"comment_status":"open","ping_status":"open","sticky":false,"template":"","format":"standard","meta":{"footnotes":""},"categories":[1],"tags":[],"_links":{"self":[{"href":"https:\/\/semus.pmsaraguaia.pa.gov.br\/index.php?rest_route=\/wp\/v2\/posts\/813"}],"collection":[{"href":"https:\/\/semus.pmsaraguaia.pa.gov.br\/index.php?rest_route=\/wp\/v2\/posts"}],"about":[{"href":"https:\/\/semus.pmsaraguaia.pa.gov.br\/index.php?rest_route=\/wp\/v2\/types\/post"}],"author":[{"embeddable":true,"href":"https:\/\/semus.pmsaraguaia.pa.gov.br\/index.php?rest_route=\/wp\/v2\/users\/3"}],"replies":[{"embeddable":true,"href":"https:\/\/semus.pmsaraguaia.pa.gov.br\/index.php?rest_route=%2Fwp%2Fv2%2Fcomments&post=813"}],"version-history":[{"count":1,"href":"https:\/\/semus.pmsaraguaia.pa.gov.br\/index.php?rest_route=\/wp\/v2\/posts\/813\/revisions"}],"predecessor-version":[{"id":815,"href":"https:\/\/semus.pmsaraguaia.pa.gov.br\/index.php?rest_route=\/wp\/v2\/posts\/813\/revisions\/815"}],"wp:featuredmedia":[{"embeddable":true,"href":"https:\/\/semus.pmsaraguaia.pa.gov.br\/index.php?rest_route=\/wp\/v2\/media\/814"}],"wp:attachment":[{"href":"https:\/\/semus.pmsaraguaia.pa.gov.br\/index.php?rest_route=%2Fwp%2Fv2%2Fmedia&parent=813"}],"wp:term":[{"taxonomy":"category","embeddable":true,"href":"https:\/\/semus.pmsaraguaia.pa.gov.br\/index.php?rest_route=%2Fwp%2Fv2%2Fcategories&post=813"},{"taxonomy":"post_tag","embeddable":true,"href":"https:\/\/semus.pmsaraguaia.pa.gov.br\/index.php?rest_route=%2Fwp%2Fv2%2Ftags&post=813"}],"curies":[{"name":"wp","href":"https:\/\/api.w.org\/{rel}","templated":true}]}}