{"id":807,"date":"2022-09-16T09:27:03","date_gmt":"2022-09-16T12:27:03","guid":{"rendered":"https:\/\/semus.pmsaraguaia.pa.gov.br\/?p=807"},"modified":"2022-09-16T09:27:06","modified_gmt":"2022-09-16T12:27:06","slug":"setembro-amarelo","status":"publish","type":"post","link":"https:\/\/semus.pmsaraguaia.pa.gov.br\/?p=807","title":{"rendered":"Setembro Amarelo"},"content":{"rendered":"\n<p>Setembro amarelo \u00e9 o\u00a0\u00a0 m\u00eas dedicado \u00e0 preven\u00e7\u00e3o do suic\u00eddio,trata-se\u00a0 de uma campanha que se teve in\u00edcio no Brasil em 2015,que visa conscientizar as pessoas ,e como evitar o seu acontecimento<\/p>\n","protected":false},"excerpt":{"rendered":"<p>Setembro amarelo \u00e9 o\u00a0\u00a0 m\u00eas dedicado \u00e0 preven\u00e7\u00e3o do suic\u00eddio,trata-se\u00a0 de uma campanha que se teve in\u00edcio no Brasil em 2015,que visa conscientizar as pessoas ,e como evitar o seu acontecimento<\/p>\n","protected":false},"author":3,"featured_media":808,"comment_status":"open","ping_status":"open","sticky":false,"template":"","format":"standard","meta":{"footnotes":""},"categories":[41,1],"tags":[],"_links":{"self":[{"href":"https:\/\/semus.pmsaraguaia.pa.gov.br\/index.php?rest_route=\/wp\/v2\/posts\/807"}],"collection":[{"href":"https:\/\/semus.pmsaraguaia.pa.gov.br\/index.php?rest_route=\/wp\/v2\/posts"}],"about":[{"href":"https:\/\/semus.pmsaraguaia.pa.gov.br\/index.php?rest_route=\/wp\/v2\/types\/post"}],"author":[{"embeddable":true,"href":"https:\/\/semus.pmsaraguaia.pa.gov.br\/index.php?rest_route=\/wp\/v2\/users\/3"}],"replies":[{"embeddable":true,"href":"https:\/\/semus.pmsaraguaia.pa.gov.br\/index.php?rest_route=%2Fwp%2Fv2%2Fcomments&post=807"}],"version-history":[{"count":1,"href":"https:\/\/semus.pmsaraguaia.pa.gov.br\/index.php?rest_route=\/wp\/v2\/posts\/807\/revisions"}],"predecessor-version":[{"id":809,"href":"https:\/\/semus.pmsaraguaia.pa.gov.br\/index.php?rest_route=\/wp\/v2\/posts\/807\/revisions\/809"}],"wp:featuredmedia":[{"embeddable":true,"href":"https:\/\/semus.pmsaraguaia.pa.gov.br\/index.php?rest_route=\/wp\/v2\/media\/808"}],"wp:attachment":[{"href":"https:\/\/semus.pmsaraguaia.pa.gov.br\/index.php?rest_route=%2Fwp%2Fv2%2Fmedia&parent=807"}],"wp:term":[{"taxonomy":"category","embeddable":true,"href":"https:\/\/semus.pmsaraguaia.pa.gov.br\/index.php?rest_route=%2Fwp%2Fv2%2Fcategories&post=807"},{"taxonomy":"post_tag","embeddable":true,"href":"https:\/\/semus.pmsaraguaia.pa.gov.br\/index.php?rest_route=%2Fwp%2Fv2%2Ftags&post=807"}],"curies":[{"name":"wp","href":"https:\/\/api.w.org\/{rel}","templated":true}]}}