{"id":803,"date":"2022-09-14T15:04:45","date_gmt":"2022-09-14T18:04:45","guid":{"rendered":"https:\/\/semus.pmsaraguaia.pa.gov.br\/?p=803"},"modified":"2022-09-14T15:05:47","modified_gmt":"2022-09-14T18:05:47","slug":"campanha-de-vacinacao","status":"publish","type":"post","link":"https:\/\/semus.pmsaraguaia.pa.gov.br\/?p=803","title":{"rendered":"Campanha de vacina\u00e7\u00e3o"},"content":{"rendered":"\n<p>Vamos vacinar!<br><br>A secretaria municipal de sa\u00fade, estar promovendo&nbsp; Campanha de vacina\u00e7\u00e3o, *Santana Livre da Poliomielite e Sarampo*&nbsp; Multivacinac\u00e3o para crian\u00e7as apartir de 6 meses, a menores de 5 anos, e adolescentes de at\u00e9 15 anos de idade, a Campanha vai at\u00e9 o dia 30 de Setembro, em todos os postos de sa\u00fade, das 07h \u00e0s 11h e das 13h \u00e0s 17h&nbsp;<br><br>#SANTANA ESSE CH\u00c3O \u00c9 NOSSO#<br><br>EDUARDO DA MACHADO PREFEITO<br>CATARINA CARVELI VICE-PREFEITA&nbsp;<br><br>fonte: secretaria municipal de sa\u00fade<\/p>\n","protected":false},"excerpt":{"rendered":"<p>Vamos vacinar!A secretaria municipal de sa\u00fade, estar promovendo&nbsp; Campanha de vacina\u00e7\u00e3o, *Santana Livre da Poliomielite e Sarampo*&nbsp; Multivacinac\u00e3o para crian\u00e7as apartir de 6 meses, a menores de 5 anos, e adolescentes de at\u00e9 15 anos de idade, a Campanha vai at\u00e9 o dia 30 de Setembro, em todos os postos de sa\u00fade, das 07h \u00e0s &hellip;<\/p>\n","protected":false},"author":3,"featured_media":804,"comment_status":"open","ping_status":"open","sticky":false,"template":"","format":"standard","meta":{"footnotes":""},"categories":[41,1],"tags":[],"_links":{"self":[{"href":"https:\/\/semus.pmsaraguaia.pa.gov.br\/index.php?rest_route=\/wp\/v2\/posts\/803"}],"collection":[{"href":"https:\/\/semus.pmsaraguaia.pa.gov.br\/index.php?rest_route=\/wp\/v2\/posts"}],"about":[{"href":"https:\/\/semus.pmsaraguaia.pa.gov.br\/index.php?rest_route=\/wp\/v2\/types\/post"}],"author":[{"embeddable":true,"href":"https:\/\/semus.pmsaraguaia.pa.gov.br\/index.php?rest_route=\/wp\/v2\/users\/3"}],"replies":[{"embeddable":true,"href":"https:\/\/semus.pmsaraguaia.pa.gov.br\/index.php?rest_route=%2Fwp%2Fv2%2Fcomments&post=803"}],"version-history":[{"count":2,"href":"https:\/\/semus.pmsaraguaia.pa.gov.br\/index.php?rest_route=\/wp\/v2\/posts\/803\/revisions"}],"predecessor-version":[{"id":806,"href":"https:\/\/semus.pmsaraguaia.pa.gov.br\/index.php?rest_route=\/wp\/v2\/posts\/803\/revisions\/806"}],"wp:featuredmedia":[{"embeddable":true,"href":"https:\/\/semus.pmsaraguaia.pa.gov.br\/index.php?rest_route=\/wp\/v2\/media\/804"}],"wp:attachment":[{"href":"https:\/\/semus.pmsaraguaia.pa.gov.br\/index.php?rest_route=%2Fwp%2Fv2%2Fmedia&parent=803"}],"wp:term":[{"taxonomy":"category","embeddable":true,"href":"https:\/\/semus.pmsaraguaia.pa.gov.br\/index.php?rest_route=%2Fwp%2Fv2%2Fcategories&post=803"},{"taxonomy":"post_tag","embeddable":true,"href":"https:\/\/semus.pmsaraguaia.pa.gov.br\/index.php?rest_route=%2Fwp%2Fv2%2Ftags&post=803"}],"curies":[{"name":"wp","href":"https:\/\/api.w.org\/{rel}","templated":true}]}}