{"id":791,"date":"2022-08-29T13:19:47","date_gmt":"2022-08-29T16:19:47","guid":{"rendered":"https:\/\/semus.pmsaraguaia.pa.gov.br\/?p=791"},"modified":"2022-08-29T13:20:26","modified_gmt":"2022-08-29T16:20:26","slug":"capacitacao-em-emergencia-e-urgencia","status":"publish","type":"post","link":"https:\/\/semus.pmsaraguaia.pa.gov.br\/?p=791","title":{"rendered":"Capacita\u00e7\u00e3o em Emerg\u00eancia e Urg\u00eancia"},"content":{"rendered":"\n<p>Foi realizado em Santana do Araguaia no dia 25\/ 08\/2022 na &#8216;Escola T\u00e9cnica caraj\u00e1s&#8217; uma capacita\u00e7\u00e3o em urg\u00eancia\/emerg\u00eancia pedi\u00e1trica; com finalidade na melhoria da qualidade assistencial a nossas crian\u00e7as, uma parceria entre SAMU e HMSFA, A Enfermeira e Coordenadora Nayara, Diretora Denise, e Diretor Cl\u00ednico Dr:Jeffson, contaram com apoio do coordenador e Estrat\u00e9gia da sa\u00fade Fernando, que ofertaram aos nossos enfermeiros e m\u00e9dicos da nossa rede assistencial essa grande oportunidades de aprimorar ainda mais os nossos conhecimentos na \u00e1rea da sa\u00fade, uma a\u00e7\u00e3o da secretaria municipal de sa\u00fade, em nome da secret\u00e1ria Kelly conti que busca sempre melhorar a sa\u00fade p\u00fablica de Santana do Araguaia com seriedade e transpar\u00eancia.<\/p>\n\n\n\n<h1 class=\"wp-block-heading\">SANTANA ESSE CH\u00c3O \u00c9 NOSSO#<\/h1>\n\n\n\n<p>EDUARDO DA MACHADO PREFEITO<br>CATARINA CARVELI VICE-PREFEITA<\/p>\n\n\n\n<p>Fonte: secretaria municipal de sa\u00fade<\/p>\n\n\n\n<figure class=\"wp-block-video\"><video controls src=\"https:\/\/semus.pmsaraguaia.pa.gov.br\/wp-content\/uploads\/2022\/08\/WhatsApp-Video-2022-08-29-at-07.16.31.mp4\"><\/video><\/figure>\n","protected":false},"excerpt":{"rendered":"<p>Foi realizado em Santana do Araguaia no dia 25\/ 08\/2022 na &#8216;Escola T\u00e9cnica caraj\u00e1s&#8217; uma capacita\u00e7\u00e3o em urg\u00eancia\/emerg\u00eancia pedi\u00e1trica; com finalidade na melhoria da qualidade assistencial a nossas crian\u00e7as, uma parceria entre SAMU e HMSFA, A Enfermeira e Coordenadora Nayara, Diretora Denise, e Diretor Cl\u00ednico Dr:Jeffson, contaram com apoio do coordenador e Estrat\u00e9gia da sa\u00fade &hellip;<\/p>\n","protected":false},"author":3,"featured_media":792,"comment_status":"open","ping_status":"open","sticky":false,"template":"","format":"standard","meta":{"footnotes":""},"categories":[1],"tags":[],"_links":{"self":[{"href":"https:\/\/semus.pmsaraguaia.pa.gov.br\/index.php?rest_route=\/wp\/v2\/posts\/791"}],"collection":[{"href":"https:\/\/semus.pmsaraguaia.pa.gov.br\/index.php?rest_route=\/wp\/v2\/posts"}],"about":[{"href":"https:\/\/semus.pmsaraguaia.pa.gov.br\/index.php?rest_route=\/wp\/v2\/types\/post"}],"author":[{"embeddable":true,"href":"https:\/\/semus.pmsaraguaia.pa.gov.br\/index.php?rest_route=\/wp\/v2\/users\/3"}],"replies":[{"embeddable":true,"href":"https:\/\/semus.pmsaraguaia.pa.gov.br\/index.php?rest_route=%2Fwp%2Fv2%2Fcomments&post=791"}],"version-history":[{"count":1,"href":"https:\/\/semus.pmsaraguaia.pa.gov.br\/index.php?rest_route=\/wp\/v2\/posts\/791\/revisions"}],"predecessor-version":[{"id":794,"href":"https:\/\/semus.pmsaraguaia.pa.gov.br\/index.php?rest_route=\/wp\/v2\/posts\/791\/revisions\/794"}],"wp:featuredmedia":[{"embeddable":true,"href":"https:\/\/semus.pmsaraguaia.pa.gov.br\/index.php?rest_route=\/wp\/v2\/media\/792"}],"wp:attachment":[{"href":"https:\/\/semus.pmsaraguaia.pa.gov.br\/index.php?rest_route=%2Fwp%2Fv2%2Fmedia&parent=791"}],"wp:term":[{"taxonomy":"category","embeddable":true,"href":"https:\/\/semus.pmsaraguaia.pa.gov.br\/index.php?rest_route=%2Fwp%2Fv2%2Fcategories&post=791"},{"taxonomy":"post_tag","embeddable":true,"href":"https:\/\/semus.pmsaraguaia.pa.gov.br\/index.php?rest_route=%2Fwp%2Fv2%2Ftags&post=791"}],"curies":[{"name":"wp","href":"https:\/\/api.w.org\/{rel}","templated":true}]}}