{"id":784,"date":"2022-08-25T15:05:15","date_gmt":"2022-08-25T18:05:15","guid":{"rendered":"https:\/\/semus.pmsaraguaia.pa.gov.br\/?p=784"},"modified":"2022-08-29T13:20:33","modified_gmt":"2022-08-29T16:20:33","slug":"capacitacao-em-tecnologia-de-aplicacao-de-inseticida","status":"publish","type":"post","link":"https:\/\/semus.pmsaraguaia.pa.gov.br\/?p=784","title":{"rendered":"Capacita\u00e7\u00e3o em Tecnologia de Aplica\u00e7\u00e3o de Inseticida"},"content":{"rendered":"\n<p>Estar sendo realizado em Santana do Araguaia, nas Escolas Maria de Lourdes Casadini da Silva, e Escola Dr Wagner Pereira da Silva, capacita\u00e7\u00e3o em tecnologia de aplica\u00e7\u00e3o de inseticidas e seguran\u00e7a no trabalho, para os agentes de controle de vetores, a realiza\u00e7\u00e3o come\u00e7ou no dia 16\/08\/2022 e vai at\u00e9 dia 27\/08\/2022 este \u00e9 uma parceria da Secretaria de Sa\u00fade do Par\u00e1, com a prefeitura municipal de Santana do Araguaia, por meio da secretaria municipal de sa\u00fade A secret\u00e1ria Kelly conti acompanhou todo o trabalho dos agentes de endemias e falou da import\u00e2ncia da qualifica\u00e7\u00e3o dos servidores.<\/p>\n\n\n\n<h1 class=\"wp-block-heading\">SANTANA ESSE CH\u00c3O \u00c9 NOSSO#<\/h1>\n\n\n\n<p>EDUARDO DA MACHADO PREFEITO<br>CATARINA CARVELI VICE-PREFEITA<\/p>\n\n\n\n<p>Fonte: secretaria municipal de sa\u00fade<\/p>\n\n\n\n<figure class=\"wp-block-video\"><video controls src=\"https:\/\/semus.pmsaraguaia.pa.gov.br\/wp-content\/uploads\/2022\/08\/video_capacitacao.mp4\"><\/video><\/figure>\n","protected":false},"excerpt":{"rendered":"<p>Estar sendo realizado em Santana do Araguaia, nas Escolas Maria de Lourdes Casadini da Silva, e Escola Dr Wagner Pereira da Silva, capacita\u00e7\u00e3o em tecnologia de aplica\u00e7\u00e3o de inseticidas e seguran\u00e7a no trabalho, para os agentes de controle de vetores, a realiza\u00e7\u00e3o come\u00e7ou no dia 16\/08\/2022 e vai at\u00e9 dia 27\/08\/2022 este \u00e9 uma parceria &hellip;<\/p>\n","protected":false},"author":3,"featured_media":785,"comment_status":"open","ping_status":"open","sticky":false,"template":"","format":"standard","meta":{"footnotes":""},"categories":[1],"tags":[],"_links":{"self":[{"href":"https:\/\/semus.pmsaraguaia.pa.gov.br\/index.php?rest_route=\/wp\/v2\/posts\/784"}],"collection":[{"href":"https:\/\/semus.pmsaraguaia.pa.gov.br\/index.php?rest_route=\/wp\/v2\/posts"}],"about":[{"href":"https:\/\/semus.pmsaraguaia.pa.gov.br\/index.php?rest_route=\/wp\/v2\/types\/post"}],"author":[{"embeddable":true,"href":"https:\/\/semus.pmsaraguaia.pa.gov.br\/index.php?rest_route=\/wp\/v2\/users\/3"}],"replies":[{"embeddable":true,"href":"https:\/\/semus.pmsaraguaia.pa.gov.br\/index.php?rest_route=%2Fwp%2Fv2%2Fcomments&post=784"}],"version-history":[{"count":2,"href":"https:\/\/semus.pmsaraguaia.pa.gov.br\/index.php?rest_route=\/wp\/v2\/posts\/784\/revisions"}],"predecessor-version":[{"id":788,"href":"https:\/\/semus.pmsaraguaia.pa.gov.br\/index.php?rest_route=\/wp\/v2\/posts\/784\/revisions\/788"}],"wp:featuredmedia":[{"embeddable":true,"href":"https:\/\/semus.pmsaraguaia.pa.gov.br\/index.php?rest_route=\/wp\/v2\/media\/785"}],"wp:attachment":[{"href":"https:\/\/semus.pmsaraguaia.pa.gov.br\/index.php?rest_route=%2Fwp%2Fv2%2Fmedia&parent=784"}],"wp:term":[{"taxonomy":"category","embeddable":true,"href":"https:\/\/semus.pmsaraguaia.pa.gov.br\/index.php?rest_route=%2Fwp%2Fv2%2Fcategories&post=784"},{"taxonomy":"post_tag","embeddable":true,"href":"https:\/\/semus.pmsaraguaia.pa.gov.br\/index.php?rest_route=%2Fwp%2Fv2%2Ftags&post=784"}],"curies":[{"name":"wp","href":"https:\/\/api.w.org\/{rel}","templated":true}]}}