{"id":780,"date":"2022-08-22T15:05:52","date_gmt":"2022-08-22T18:05:52","guid":{"rendered":"https:\/\/semus.pmsaraguaia.pa.gov.br\/?p=780"},"modified":"2022-08-29T13:20:39","modified_gmt":"2022-08-29T16:20:39","slug":"campanha-de-multivacinacao","status":"publish","type":"post","link":"https:\/\/semus.pmsaraguaia.pa.gov.br\/?p=780","title":{"rendered":"Campanha de Multivacinac\u00e3o"},"content":{"rendered":"\n<p>No \u00faltimo s\u00e1bado 20\/08\/2022 foi realizado a campanha de multivacinac\u00e3o ao dia D que visa a atualiza\u00e7\u00e3o da caderneta de vacina\u00e7\u00e3o da crian\u00e7a e do adolescente, todas as unidades de Sa\u00fade de Santana do Araguaia e munic\u00edpio prestaram atendimentos, na ocasi\u00e3o a Secret\u00e1ria municipal de Sa\u00fade Kelly conti visitou todos os postos de sa\u00fade e acompanhou o excelente trabalho de todos os profissionais da sa\u00fade, e parabenizou toda equipe pelo grande trabalho que foi prestado, a mesma conversou e brincou com as crian\u00e7as que ganharam Chocolates e ficaram felizes.<\/p>\n\n\n\n<h3 class=\"wp-block-heading\">SANTANA ESSE CH\u00c3O \u00c9 NOSSO#<\/h3>\n\n\n\n<p>EDUARDO DA MACHADO PREFEITO<br>CATARINA CARVELI VICE-PREFEITA<\/p>\n\n\n\n<p><em>Fonte: secretaria municipal de sa\u00fade<\/em><\/p>\n","protected":false},"excerpt":{"rendered":"<p>No \u00faltimo s\u00e1bado 20\/08\/2022 foi realizado a campanha de multivacinac\u00e3o ao dia D que visa a atualiza\u00e7\u00e3o da caderneta de vacina\u00e7\u00e3o da crian\u00e7a e do adolescente, todas as unidades de Sa\u00fade de Santana do Araguaia e munic\u00edpio prestaram atendimentos, na ocasi\u00e3o a Secret\u00e1ria municipal de Sa\u00fade Kelly conti visitou todos os postos de sa\u00fade e &hellip;<\/p>\n","protected":false},"author":3,"featured_media":781,"comment_status":"open","ping_status":"open","sticky":false,"template":"","format":"standard","meta":{"footnotes":""},"categories":[1],"tags":[],"_links":{"self":[{"href":"https:\/\/semus.pmsaraguaia.pa.gov.br\/index.php?rest_route=\/wp\/v2\/posts\/780"}],"collection":[{"href":"https:\/\/semus.pmsaraguaia.pa.gov.br\/index.php?rest_route=\/wp\/v2\/posts"}],"about":[{"href":"https:\/\/semus.pmsaraguaia.pa.gov.br\/index.php?rest_route=\/wp\/v2\/types\/post"}],"author":[{"embeddable":true,"href":"https:\/\/semus.pmsaraguaia.pa.gov.br\/index.php?rest_route=\/wp\/v2\/users\/3"}],"replies":[{"embeddable":true,"href":"https:\/\/semus.pmsaraguaia.pa.gov.br\/index.php?rest_route=%2Fwp%2Fv2%2Fcomments&post=780"}],"version-history":[{"count":1,"href":"https:\/\/semus.pmsaraguaia.pa.gov.br\/index.php?rest_route=\/wp\/v2\/posts\/780\/revisions"}],"predecessor-version":[{"id":782,"href":"https:\/\/semus.pmsaraguaia.pa.gov.br\/index.php?rest_route=\/wp\/v2\/posts\/780\/revisions\/782"}],"wp:featuredmedia":[{"embeddable":true,"href":"https:\/\/semus.pmsaraguaia.pa.gov.br\/index.php?rest_route=\/wp\/v2\/media\/781"}],"wp:attachment":[{"href":"https:\/\/semus.pmsaraguaia.pa.gov.br\/index.php?rest_route=%2Fwp%2Fv2%2Fmedia&parent=780"}],"wp:term":[{"taxonomy":"category","embeddable":true,"href":"https:\/\/semus.pmsaraguaia.pa.gov.br\/index.php?rest_route=%2Fwp%2Fv2%2Fcategories&post=780"},{"taxonomy":"post_tag","embeddable":true,"href":"https:\/\/semus.pmsaraguaia.pa.gov.br\/index.php?rest_route=%2Fwp%2Fv2%2Ftags&post=780"}],"curies":[{"name":"wp","href":"https:\/\/api.w.org\/{rel}","templated":true}]}}