{"id":772,"date":"2022-08-17T12:54:27","date_gmt":"2022-08-17T15:54:27","guid":{"rendered":"https:\/\/semus.pmsaraguaia.pa.gov.br\/?p=772"},"modified":"2022-08-29T13:20:46","modified_gmt":"2022-08-29T16:20:46","slug":"programa-saude-na-escola-a-equipe-da-secretaria-municipal-de-saudesemus-visitou-a-creche-municipal-crianca-feliz","status":"publish","type":"post","link":"https:\/\/semus.pmsaraguaia.pa.gov.br\/?p=772","title":{"rendered":"Programa Sa\u00fade na escola. Visita a Creche municipal  Crian\u00e7a feliz"},"content":{"rendered":"\n<p>Na manh\u00e3 desta ter\u00e7a-feira 16\/08\/2022 a creche crian\u00e7a feliz, recebeu a visita da equipe da secretaria municipal de sa\u00fade (SEMUS) com programa SA\u00daDE NA ESCOLA a enfermeira margarida, do posto Ant\u00f4nio Portugal&#8221; esteve presente, e acompanhou o trabalho do Dentista JO\u00c3O VICTOR; que ensinava para as crian\u00e7as como se deve escovar seus dentes corretamente, a enfermeira fez a verifica\u00e7\u00e3o das caderneta de vacina dos alunos e aconselhou, todas as crian\u00e7as participarem da campanha de vacina\u00e7\u00e3o que ser\u00e1 no pr\u00f3ximo dia 20\/08\/2022 Dia D em todos os postos de Sa\u00fade&#8221; a Secret\u00e1ria municipal de sa\u00fade Kelly Conte, trabalhando sempre com seriedade e transpar\u00eancia cuidando da sa\u00fade da popula\u00e7\u00e3o santanense!<\/p>\n\n\n\n<h4 class=\"wp-block-heading\">SANTANA ESSE CH\u00c3O \u00c9 NOSSO#<\/h4>\n\n\n\n<p>EDUARDO DA MACHADO PREFEITO<br>CATARINA CARVELLI VICE-PREFEITA<\/p>\n\n\n\n<p><em>Fonte: secretaria municipal de sa\u00fade<\/em><\/p>\n","protected":false},"excerpt":{"rendered":"<p>Na manh\u00e3 desta ter\u00e7a-feira 16\/08\/2022 a creche crian\u00e7a feliz, recebeu a visita da equipe da secretaria municipal de sa\u00fade (SEMUS) com programa SA\u00daDE NA ESCOLA a enfermeira margarida, do posto Ant\u00f4nio Portugal&#8221; esteve presente, e acompanhou o trabalho do Dentista JO\u00c3O VICTOR; que ensinava para as crian\u00e7as como se deve escovar seus dentes corretamente, a &hellip;<\/p>\n","protected":false},"author":3,"featured_media":773,"comment_status":"open","ping_status":"open","sticky":false,"template":"","format":"standard","meta":{"footnotes":""},"categories":[41],"tags":[],"_links":{"self":[{"href":"https:\/\/semus.pmsaraguaia.pa.gov.br\/index.php?rest_route=\/wp\/v2\/posts\/772"}],"collection":[{"href":"https:\/\/semus.pmsaraguaia.pa.gov.br\/index.php?rest_route=\/wp\/v2\/posts"}],"about":[{"href":"https:\/\/semus.pmsaraguaia.pa.gov.br\/index.php?rest_route=\/wp\/v2\/types\/post"}],"author":[{"embeddable":true,"href":"https:\/\/semus.pmsaraguaia.pa.gov.br\/index.php?rest_route=\/wp\/v2\/users\/3"}],"replies":[{"embeddable":true,"href":"https:\/\/semus.pmsaraguaia.pa.gov.br\/index.php?rest_route=%2Fwp%2Fv2%2Fcomments&post=772"}],"version-history":[{"count":3,"href":"https:\/\/semus.pmsaraguaia.pa.gov.br\/index.php?rest_route=\/wp\/v2\/posts\/772\/revisions"}],"predecessor-version":[{"id":777,"href":"https:\/\/semus.pmsaraguaia.pa.gov.br\/index.php?rest_route=\/wp\/v2\/posts\/772\/revisions\/777"}],"wp:featuredmedia":[{"embeddable":true,"href":"https:\/\/semus.pmsaraguaia.pa.gov.br\/index.php?rest_route=\/wp\/v2\/media\/773"}],"wp:attachment":[{"href":"https:\/\/semus.pmsaraguaia.pa.gov.br\/index.php?rest_route=%2Fwp%2Fv2%2Fmedia&parent=772"}],"wp:term":[{"taxonomy":"category","embeddable":true,"href":"https:\/\/semus.pmsaraguaia.pa.gov.br\/index.php?rest_route=%2Fwp%2Fv2%2Fcategories&post=772"},{"taxonomy":"post_tag","embeddable":true,"href":"https:\/\/semus.pmsaraguaia.pa.gov.br\/index.php?rest_route=%2Fwp%2Fv2%2Ftags&post=772"}],"curies":[{"name":"wp","href":"https:\/\/api.w.org\/{rel}","templated":true}]}}