{"id":763,"date":"2022-08-12T12:34:26","date_gmt":"2022-08-12T15:34:26","guid":{"rendered":"https:\/\/semus.pmsaraguaia.pa.gov.br\/?p=763"},"modified":"2022-08-29T13:20:54","modified_gmt":"2022-08-29T16:20:54","slug":"campanha-vacinacao-poliomielite-2022","status":"publish","type":"post","link":"https:\/\/semus.pmsaraguaia.pa.gov.br\/?p=763","title":{"rendered":"Campanha de Vacina\u00e7\u00e3o da Poliomielite &#8211; 2022"},"content":{"rendered":"\n<p>\u00c9 muito importante todo mundo vacinar os filhos para que a gente possa manter nossas crian\u00e7as livres de doen\u00e7as que j\u00e1 foram erradicadas, mas que est\u00e3o voltando a circular em todo Brasil.<\/p>\n\n\n\n<p>Aproximadamente 40 mil postos de vacina\u00e7\u00e3o estar\u00e3o abertos para aplicar as doses das 18 vacinas que comp\u00f5em o Calend\u00e1rio Nacional de Vacina\u00e7\u00e3o da crian\u00e7a e do adolescente.<\/p>\n\n\n\n<p>O ministro da sa\u00fade, Marcelo Queiroga, ressaltou a necessidade da obten\u00e7\u00e3o de uma alta cobertura vacinal. \u201cNingu\u00e9m tem d\u00favidas da import\u00e2ncia do Programa Nacional de Imuniza\u00e7\u00f5es, com ele n\u00f3s erradicamos a poliomielite. O \u00faltimo caso foi em 1989. N\u00f3s temos que imunizar contra a poliomielite 15 milh\u00f5es de crian\u00e7as. \u00c9 urgente que consigamos recobrar nossas coberturas vacinais, no mundo todo as coberturas ca\u00edram no per\u00edodo pand\u00eamico\u201d.<\/p>\n\n\n\n<p>O objetivo da campanha \u00e9 alcan\u00e7ar cobertura vacinal igual ou maior que 95% para a vacina poliomielite na faixa et\u00e1ria de 1 a menores de 5 anos de idade, al\u00e9m de reduzir o n\u00famero de n\u00e3o vacinados de crian\u00e7as e adolescentes menores de 15 anos e melhorar as coberturas vacinais, conforme o Calend\u00e1rio Nacional de Vacina\u00e7\u00e3o.<\/p>\n\n\n\n<p>As vacinas s\u00e3o: Hepatite A e B, Penta (DTP\/Hib\/Hep B), Pneumoc\u00f3cica 10 valente, VIP (Vacina Inativada Poliomielite), VRH (Vacina Rotav\u00edrus Humano), Meningoc\u00f3cica C (conjugada), VOP (Vacina Oral Poliomielite), Febre amarela, Tr\u00edplice viral (Sarampo, Rub\u00e9ola, Caxumba), Tetraviral (Sarampo, Rub\u00e9ola, Caxumba, Varicela), DTP (tr\u00edplice bacteriana), Varicela e HPV quadrivalente (Papilomav\u00edrus Humano).<\/p>\n\n\n\n<p>Estar\u00e3o dispon\u00edveis para os adolescentes, as vacinas HPV, dT (dupla adulto), Febre amarela, Tr\u00edplice viral, Hepatite B, dTpa e Meningoc\u00f3cica ACWY (conjugada). Todos os imunizantes que integram o Programa Nacional de Imuniza\u00e7\u00f5es (PNI) s\u00e3o seguros e est\u00e3o registrados pela Ag\u00eancia Nacional de Vigil\u00e2ncia Sanit\u00e1ria (Anvisa).<\/p>\n\n\n\n<p>As campanhas de vacina\u00e7\u00e3o v\u00e3o coincidir com a imuniza\u00e7\u00e3o contra a Covid-19 em andamento. As vacinas Covid-19 poder\u00e3o ser administradas de maneira simult\u00e2nea ou com qualquer intervalo com as demais do Calend\u00e1rio Nacional, na popula\u00e7\u00e3o a partir de tr\u00eas anos de idade.<\/p>\n\n\n\n<p>A atualiza\u00e7\u00e3o da situa\u00e7\u00e3o vacinal aumenta a prote\u00e7\u00e3o contra as doen\u00e7as imunopreven\u00edveis, evitando a ocorr\u00eancia de surtos e hospitaliza\u00e7\u00f5es, sequelas, tratamentos de reabilita\u00e7\u00e3o e \u00f3bitos. A mobiliza\u00e7\u00e3o nacional \u00e9 uma estrat\u00e9gia adotada pelo Minist\u00e9rio da Sa\u00fade e \u00e9 realizada com sucesso desde 1980.<\/p>\n\n\n\n<h3 class=\"wp-block-heading\">Poliomielite<\/h3>\n\n\n\n<p>Para a campanha contra a poliomielite, o grupo-alvo s\u00e3o as crian\u00e7as menores de cinco anos de idade, totalizando mais de 14.3 milh\u00f5es de pessoas, sendo que as crian\u00e7as menores de 1 ano dever\u00e3o ser vacinadas conforme a situa\u00e7\u00e3o vacinal encontrada para esquema prim\u00e1rio. As crian\u00e7as de 1 a 4 anos dever\u00e3o ser vacinadas indiscriminadamente com a Vacina Oral Poliomielite (VOP), desde que j\u00e1 tenham recebido as tr\u00eas doses de Vacina Inativada Poliomielite (VIP) do esquema b\u00e1sico.<\/p>\n\n\n\n<p>Fonte: Minist\u00e9rio da Sa\u00fade<\/p>\n\n\n\n<figure class=\"wp-block-image size-large\"><img loading=\"lazy\" decoding=\"async\" width=\"1024\" height=\"1024\" src=\"https:\/\/semus.pmsaraguaia.pa.gov.br\/wp-content\/uploads\/2022\/08\/campanha_poliomielite-1024x1024.jpeg\" alt=\"\" class=\"wp-image-764\" srcset=\"https:\/\/semus.pmsaraguaia.pa.gov.br\/wp-content\/uploads\/2022\/08\/campanha_poliomielite-1024x1024.jpeg 1024w, https:\/\/semus.pmsaraguaia.pa.gov.br\/wp-content\/uploads\/2022\/08\/campanha_poliomielite-300x300.jpeg 300w, https:\/\/semus.pmsaraguaia.pa.gov.br\/wp-content\/uploads\/2022\/08\/campanha_poliomielite-150x150.jpeg 150w, https:\/\/semus.pmsaraguaia.pa.gov.br\/wp-content\/uploads\/2022\/08\/campanha_poliomielite-768x768.jpeg 768w, https:\/\/semus.pmsaraguaia.pa.gov.br\/wp-content\/uploads\/2022\/08\/campanha_poliomielite.jpeg 1181w\" sizes=\"(max-width: 1024px) 100vw, 1024px\" \/><\/figure>\n","protected":false},"excerpt":{"rendered":"<p>\u00c9 muito importante todo mundo vacinar os filhos para que a gente possa manter nossas crian\u00e7as livres de doen\u00e7as que j\u00e1 foram erradicadas, mas que est\u00e3o voltando a circular em todo Brasil. Aproximadamente 40 mil postos de vacina\u00e7\u00e3o estar\u00e3o abertos para aplicar as doses das 18 vacinas que comp\u00f5em o Calend\u00e1rio Nacional de Vacina\u00e7\u00e3o da &hellip;<\/p>\n","protected":false},"author":3,"featured_media":764,"comment_status":"open","ping_status":"open","sticky":false,"template":"","format":"standard","meta":{"footnotes":""},"categories":[41],"tags":[],"_links":{"self":[{"href":"https:\/\/semus.pmsaraguaia.pa.gov.br\/index.php?rest_route=\/wp\/v2\/posts\/763"}],"collection":[{"href":"https:\/\/semus.pmsaraguaia.pa.gov.br\/index.php?rest_route=\/wp\/v2\/posts"}],"about":[{"href":"https:\/\/semus.pmsaraguaia.pa.gov.br\/index.php?rest_route=\/wp\/v2\/types\/post"}],"author":[{"embeddable":true,"href":"https:\/\/semus.pmsaraguaia.pa.gov.br\/index.php?rest_route=\/wp\/v2\/users\/3"}],"replies":[{"embeddable":true,"href":"https:\/\/semus.pmsaraguaia.pa.gov.br\/index.php?rest_route=%2Fwp%2Fv2%2Fcomments&post=763"}],"version-history":[{"count":5,"href":"https:\/\/semus.pmsaraguaia.pa.gov.br\/index.php?rest_route=\/wp\/v2\/posts\/763\/revisions"}],"predecessor-version":[{"id":769,"href":"https:\/\/semus.pmsaraguaia.pa.gov.br\/index.php?rest_route=\/wp\/v2\/posts\/763\/revisions\/769"}],"wp:featuredmedia":[{"embeddable":true,"href":"https:\/\/semus.pmsaraguaia.pa.gov.br\/index.php?rest_route=\/wp\/v2\/media\/764"}],"wp:attachment":[{"href":"https:\/\/semus.pmsaraguaia.pa.gov.br\/index.php?rest_route=%2Fwp%2Fv2%2Fmedia&parent=763"}],"wp:term":[{"taxonomy":"category","embeddable":true,"href":"https:\/\/semus.pmsaraguaia.pa.gov.br\/index.php?rest_route=%2Fwp%2Fv2%2Fcategories&post=763"},{"taxonomy":"post_tag","embeddable":true,"href":"https:\/\/semus.pmsaraguaia.pa.gov.br\/index.php?rest_route=%2Fwp%2Fv2%2Ftags&post=763"}],"curies":[{"name":"wp","href":"https:\/\/api.w.org\/{rel}","templated":true}]}}