{"id":715,"date":"2022-08-03T11:16:28","date_gmt":"2022-08-03T14:16:28","guid":{"rendered":"https:\/\/semus.pmsaraguaia.pa.gov.br\/?p=715"},"modified":"2022-08-29T13:21:09","modified_gmt":"2022-08-29T16:21:09","slug":"dia-do-evangelico-em-santana-do-araguaia-pa","status":"publish","type":"post","link":"https:\/\/semus.pmsaraguaia.pa.gov.br\/?p=715","title":{"rendered":"Dia do Evang\u00e9lico em Santana do Araguaia-PA"},"content":{"rendered":"\n<p>Vem a\u00ed, um evento que ir\u00e1 marcar a hist\u00f3ria de Santana do Araguaia! Uma festa para honrar a Deus, e aqueles que oram por nossa cidade. Aguardem.<\/p>\n\n\n\n<p><\/p>\n\n\n\n<figure class=\"wp-block-image size-large\"><img loading=\"lazy\" decoding=\"async\" width=\"819\" height=\"1024\" src=\"https:\/\/semus.pmsaraguaia.pa.gov.br\/wp-content\/uploads\/2022\/08\/diadoevangelico-819x1024.jpeg\" alt=\"\" class=\"wp-image-716\" srcset=\"https:\/\/semus.pmsaraguaia.pa.gov.br\/wp-content\/uploads\/2022\/08\/diadoevangelico-819x1024.jpeg 819w, https:\/\/semus.pmsaraguaia.pa.gov.br\/wp-content\/uploads\/2022\/08\/diadoevangelico-240x300.jpeg 240w, https:\/\/semus.pmsaraguaia.pa.gov.br\/wp-content\/uploads\/2022\/08\/diadoevangelico-768x960.jpeg 768w, https:\/\/semus.pmsaraguaia.pa.gov.br\/wp-content\/uploads\/2022\/08\/diadoevangelico.jpeg 1024w\" sizes=\"(max-width: 819px) 100vw, 819px\" \/><\/figure>\n","protected":false},"excerpt":{"rendered":"<p>Vem a\u00ed, um evento que ir\u00e1 marcar a hist\u00f3ria de Santana do Araguaia! Uma festa para honrar a Deus, e aqueles que oram por nossa cidade. Aguardem.<\/p>\n","protected":false},"author":3,"featured_media":716,"comment_status":"open","ping_status":"open","sticky":false,"template":"","format":"standard","meta":{"footnotes":""},"categories":[39],"tags":[],"_links":{"self":[{"href":"https:\/\/semus.pmsaraguaia.pa.gov.br\/index.php?rest_route=\/wp\/v2\/posts\/715"}],"collection":[{"href":"https:\/\/semus.pmsaraguaia.pa.gov.br\/index.php?rest_route=\/wp\/v2\/posts"}],"about":[{"href":"https:\/\/semus.pmsaraguaia.pa.gov.br\/index.php?rest_route=\/wp\/v2\/types\/post"}],"author":[{"embeddable":true,"href":"https:\/\/semus.pmsaraguaia.pa.gov.br\/index.php?rest_route=\/wp\/v2\/users\/3"}],"replies":[{"embeddable":true,"href":"https:\/\/semus.pmsaraguaia.pa.gov.br\/index.php?rest_route=%2Fwp%2Fv2%2Fcomments&post=715"}],"version-history":[{"count":2,"href":"https:\/\/semus.pmsaraguaia.pa.gov.br\/index.php?rest_route=\/wp\/v2\/posts\/715\/revisions"}],"predecessor-version":[{"id":726,"href":"https:\/\/semus.pmsaraguaia.pa.gov.br\/index.php?rest_route=\/wp\/v2\/posts\/715\/revisions\/726"}],"wp:featuredmedia":[{"embeddable":true,"href":"https:\/\/semus.pmsaraguaia.pa.gov.br\/index.php?rest_route=\/wp\/v2\/media\/716"}],"wp:attachment":[{"href":"https:\/\/semus.pmsaraguaia.pa.gov.br\/index.php?rest_route=%2Fwp%2Fv2%2Fmedia&parent=715"}],"wp:term":[{"taxonomy":"category","embeddable":true,"href":"https:\/\/semus.pmsaraguaia.pa.gov.br\/index.php?rest_route=%2Fwp%2Fv2%2Fcategories&post=715"},{"taxonomy":"post_tag","embeddable":true,"href":"https:\/\/semus.pmsaraguaia.pa.gov.br\/index.php?rest_route=%2Fwp%2Fv2%2Ftags&post=715"}],"curies":[{"name":"wp","href":"https:\/\/api.w.org\/{rel}","templated":true}]}}