{"id":2176,"date":"2024-07-03T11:28:24","date_gmt":"2024-07-03T14:28:24","guid":{"rendered":"https:\/\/semus.pmsaraguaia.pa.gov.br\/?p=2176"},"modified":"2024-07-03T11:29:12","modified_gmt":"2024-07-03T14:29:12","slug":"orientacoes-do-samu-sobre-o-periodo-de-veraneio","status":"publish","type":"post","link":"https:\/\/semus.pmsaraguaia.pa.gov.br\/?p=2176","title":{"rendered":"Orienta\u00e7\u00f5es do SAMU sobre o per\u00edodo de veraneio."},"content":{"rendered":"\n<p>Julho, m\u00eas de veraneio, curti\u00e7\u00e3o e anima\u00e7\u00e3o com os eventos com a fam\u00edlia e amigos. Associado a divers\u00e3o temos uma grande preocupa\u00e7\u00e3o que s\u00e3o a associa\u00e7\u00e3o de bebida alco\u00f3lica e volante, agress\u00f5es, ferimentos com arma de fogo e arma branca, afogamentos principalmente com crian\u00e7as, acidentes com arraia e piranha. Assim o Servi\u00e7o de Atendimento M\u00f3vel de Urg\u00eancia orienta a popula\u00e7\u00e3o na preven\u00e7\u00e3o destas intercorr\u00eancias apreciando assim um m\u00eas de tranquilidade para todos os Santanenses. Se caso necessitar de atendimento em alguma intercorr\u00eancia de sa\u00fade \u00e9 s\u00f3 procurar assist\u00eancia na Unidade de Sa\u00fade da Barreira do Campo ou acionar o SAMU 192 para casos emergenciais.<\/p>\n\n\n\n<figure class=\"wp-block-video\"><video controls src=\"https:\/\/semus.pmsaraguaia.pa.gov.br\/wp-content\/uploads\/2024\/07\/WhatsApp-Video-2024-07-03-at-11.20.06.mp4\"><\/video><\/figure>\n","protected":false},"excerpt":{"rendered":"<p>Julho, m\u00eas de veraneio, curti\u00e7\u00e3o e anima\u00e7\u00e3o com os eventos com a fam\u00edlia e amigos. Associado a divers\u00e3o temos uma grande preocupa\u00e7\u00e3o que s\u00e3o a associa\u00e7\u00e3o de bebida alco\u00f3lica e volante, agress\u00f5es, ferimentos com arma de fogo e arma branca, afogamentos principalmente com crian\u00e7as, acidentes com arraia e piranha. Assim o Servi\u00e7o de Atendimento M\u00f3vel &hellip;<\/p>\n","protected":false},"author":3,"featured_media":2175,"comment_status":"open","ping_status":"open","sticky":false,"template":"","format":"standard","meta":{"footnotes":""},"categories":[41,1],"tags":[],"_links":{"self":[{"href":"https:\/\/semus.pmsaraguaia.pa.gov.br\/index.php?rest_route=\/wp\/v2\/posts\/2176"}],"collection":[{"href":"https:\/\/semus.pmsaraguaia.pa.gov.br\/index.php?rest_route=\/wp\/v2\/posts"}],"about":[{"href":"https:\/\/semus.pmsaraguaia.pa.gov.br\/index.php?rest_route=\/wp\/v2\/types\/post"}],"author":[{"embeddable":true,"href":"https:\/\/semus.pmsaraguaia.pa.gov.br\/index.php?rest_route=\/wp\/v2\/users\/3"}],"replies":[{"embeddable":true,"href":"https:\/\/semus.pmsaraguaia.pa.gov.br\/index.php?rest_route=%2Fwp%2Fv2%2Fcomments&post=2176"}],"version-history":[{"count":1,"href":"https:\/\/semus.pmsaraguaia.pa.gov.br\/index.php?rest_route=\/wp\/v2\/posts\/2176\/revisions"}],"predecessor-version":[{"id":2177,"href":"https:\/\/semus.pmsaraguaia.pa.gov.br\/index.php?rest_route=\/wp\/v2\/posts\/2176\/revisions\/2177"}],"wp:featuredmedia":[{"embeddable":true,"href":"https:\/\/semus.pmsaraguaia.pa.gov.br\/index.php?rest_route=\/wp\/v2\/media\/2175"}],"wp:attachment":[{"href":"https:\/\/semus.pmsaraguaia.pa.gov.br\/index.php?rest_route=%2Fwp%2Fv2%2Fmedia&parent=2176"}],"wp:term":[{"taxonomy":"category","embeddable":true,"href":"https:\/\/semus.pmsaraguaia.pa.gov.br\/index.php?rest_route=%2Fwp%2Fv2%2Fcategories&post=2176"},{"taxonomy":"post_tag","embeddable":true,"href":"https:\/\/semus.pmsaraguaia.pa.gov.br\/index.php?rest_route=%2Fwp%2Fv2%2Ftags&post=2176"}],"curies":[{"name":"wp","href":"https:\/\/api.w.org\/{rel}","templated":true}]}}