{"id":2116,"date":"2024-04-08T08:46:36","date_gmt":"2024-04-08T11:46:36","guid":{"rendered":"https:\/\/semus.pmsaraguaia.pa.gov.br\/?p=2116"},"modified":"2024-04-08T08:46:40","modified_gmt":"2024-04-08T11:46:40","slug":"equipe-de-saude-bucal-e-protetico-hamilton-na-esf-edison-miglioli-e-vila-mandi-em-03-04-%f0%9f%aa%a5-%f0%9f%a6%b7%f0%9f%98%81%e2%9c%a8","status":"publish","type":"post","link":"https:\/\/semus.pmsaraguaia.pa.gov.br\/?p=2116","title":{"rendered":"Equipe de Sa\u00fade Bucal e prot\u00e9tico Hamilton na ESF Edison Miglioli e Vila Mandi em 03\/04&#8243; ? ??\u2728"},"content":{"rendered":"\n<p>No dia 03 de abril, o prot\u00e9tico Hamilton junto a nossa equipe de sa\u00fade bucal, composta por cirurgi\u00f5es dentistas e auxiliares de sa\u00fade bucal, realizaram na ESF Edison Miglioli e ESF Vila Mandi \u00e0 elabora\u00e7\u00e3o e avalia\u00e7\u00e3o de pr\u00f3teses dent\u00e1rias, destacando a signific\u00e2ncia dessas pr\u00f3teses para a melhoria na qualidade de vida, bem estar e a autoestima dos pacientes atendidos.? ??\u2728<\/p>\n\n\n\n<p>&#8220;A equipe de sa\u00fade bucal \u00e9 um exemplo de dedica\u00e7\u00e3o e excel\u00eancia. Parab\u00e9ns pelo trabalho incr\u00edvel!&#8221; &#8211; Secret\u00e1ria de Sa\u00fade, Kelly Conti.<\/p>\n\n\n\n<figure class=\"wp-block-image size-large\"><img loading=\"lazy\" decoding=\"async\" width=\"819\" height=\"1024\" src=\"https:\/\/semus.pmsaraguaia.pa.gov.br\/wp-content\/uploads\/2024\/04\/WhatsApp-Image-2024-04-04-at-16.54.26-819x1024.jpeg\" alt=\"\" class=\"wp-image-2117\" srcset=\"https:\/\/semus.pmsaraguaia.pa.gov.br\/wp-content\/uploads\/2024\/04\/WhatsApp-Image-2024-04-04-at-16.54.26-819x1024.jpeg 819w, https:\/\/semus.pmsaraguaia.pa.gov.br\/wp-content\/uploads\/2024\/04\/WhatsApp-Image-2024-04-04-at-16.54.26-240x300.jpeg 240w, https:\/\/semus.pmsaraguaia.pa.gov.br\/wp-content\/uploads\/2024\/04\/WhatsApp-Image-2024-04-04-at-16.54.26-768x960.jpeg 768w, https:\/\/semus.pmsaraguaia.pa.gov.br\/wp-content\/uploads\/2024\/04\/WhatsApp-Image-2024-04-04-at-16.54.26.jpeg 1080w\" sizes=\"(max-width: 819px) 100vw, 819px\" \/><\/figure>\n","protected":false},"excerpt":{"rendered":"<p>No dia 03 de abril, o prot\u00e9tico Hamilton junto a nossa equipe de sa\u00fade bucal, composta por cirurgi\u00f5es dentistas e auxiliares de sa\u00fade bucal, realizaram na ESF Edison Miglioli e ESF Vila Mandi \u00e0 elabora\u00e7\u00e3o e avalia\u00e7\u00e3o de pr\u00f3teses dent\u00e1rias, destacando a signific\u00e2ncia dessas pr\u00f3teses para a melhoria na qualidade de vida, bem estar e &hellip;<\/p>\n","protected":false},"author":3,"featured_media":2117,"comment_status":"open","ping_status":"open","sticky":false,"template":"","format":"standard","meta":{"footnotes":""},"categories":[1],"tags":[],"_links":{"self":[{"href":"https:\/\/semus.pmsaraguaia.pa.gov.br\/index.php?rest_route=\/wp\/v2\/posts\/2116"}],"collection":[{"href":"https:\/\/semus.pmsaraguaia.pa.gov.br\/index.php?rest_route=\/wp\/v2\/posts"}],"about":[{"href":"https:\/\/semus.pmsaraguaia.pa.gov.br\/index.php?rest_route=\/wp\/v2\/types\/post"}],"author":[{"embeddable":true,"href":"https:\/\/semus.pmsaraguaia.pa.gov.br\/index.php?rest_route=\/wp\/v2\/users\/3"}],"replies":[{"embeddable":true,"href":"https:\/\/semus.pmsaraguaia.pa.gov.br\/index.php?rest_route=%2Fwp%2Fv2%2Fcomments&post=2116"}],"version-history":[{"count":1,"href":"https:\/\/semus.pmsaraguaia.pa.gov.br\/index.php?rest_route=\/wp\/v2\/posts\/2116\/revisions"}],"predecessor-version":[{"id":2118,"href":"https:\/\/semus.pmsaraguaia.pa.gov.br\/index.php?rest_route=\/wp\/v2\/posts\/2116\/revisions\/2118"}],"wp:featuredmedia":[{"embeddable":true,"href":"https:\/\/semus.pmsaraguaia.pa.gov.br\/index.php?rest_route=\/wp\/v2\/media\/2117"}],"wp:attachment":[{"href":"https:\/\/semus.pmsaraguaia.pa.gov.br\/index.php?rest_route=%2Fwp%2Fv2%2Fmedia&parent=2116"}],"wp:term":[{"taxonomy":"category","embeddable":true,"href":"https:\/\/semus.pmsaraguaia.pa.gov.br\/index.php?rest_route=%2Fwp%2Fv2%2Fcategories&post=2116"},{"taxonomy":"post_tag","embeddable":true,"href":"https:\/\/semus.pmsaraguaia.pa.gov.br\/index.php?rest_route=%2Fwp%2Fv2%2Ftags&post=2116"}],"curies":[{"name":"wp","href":"https:\/\/api.w.org\/{rel}","templated":true}]}}