{"id":2106,"date":"2024-04-03T10:51:03","date_gmt":"2024-04-03T13:51:03","guid":{"rendered":"https:\/\/semus.pmsaraguaia.pa.gov.br\/?p=2106"},"modified":"2024-04-03T10:51:07","modified_gmt":"2024-04-03T13:51:07","slug":"novo-transporte-melhorias-na-saude-de-santana-do-araguaia%f0%9f%9a%90","status":"publish","type":"post","link":"https:\/\/semus.pmsaraguaia.pa.gov.br\/?p=2106","title":{"rendered":"&#8220;Novo Transporte: Melhorias na Sa\u00fade de Santana do Araguaia&#8221;?"},"content":{"rendered":"\n<p>Compartilhamos a chegada da nova van em Santana do Araguaia. Com capacidade para 20 lugares, mais um adicional para atendimentos espec\u00edficos, este ve\u00edculo marca um grande avan\u00e7o na sa\u00fade local. Agora, os pacientes que necessitam fazer sess\u00f5es de hemodi\u00e1lise no hospital regional em Reden\u00e7\u00e3o poder\u00e3o faz\u00ea-lo com mais conforto e seguran\u00e7a. Este investimento representa um compromisso renovado com a qualidade de vida e o bem-estar da nossa comunidade. Todos ir\u00e3o garantir um transporte digno e adequado para o seu tratamento.?\u2728<\/p>\n\n\n\n<p>&#8220;Um momento significativo: agora temos uma van para transportar todos os pacientes para realizar sess\u00f5es de hemodi\u00e1lise, com mais conforto e seguran\u00e7a. Kelly Conti.&#8221;<\/p>\n\n\n\n<figure class=\"wp-block-video\"><video controls src=\"https:\/\/semus.pmsaraguaia.pa.gov.br\/wp-content\/uploads\/2024\/04\/WhatsApp-Video-2024-04-01-at-1.30.42-PM.mp4\"><\/video><\/figure>\n","protected":false},"excerpt":{"rendered":"<p>Compartilhamos a chegada da nova van em Santana do Araguaia. Com capacidade para 20 lugares, mais um adicional para atendimentos espec\u00edficos, este ve\u00edculo marca um grande avan\u00e7o na sa\u00fade local. Agora, os pacientes que necessitam fazer sess\u00f5es de hemodi\u00e1lise no hospital regional em Reden\u00e7\u00e3o poder\u00e3o faz\u00ea-lo com mais conforto e seguran\u00e7a. Este investimento representa um &hellip;<\/p>\n","protected":false},"author":3,"featured_media":2108,"comment_status":"open","ping_status":"open","sticky":false,"template":"","format":"standard","meta":{"footnotes":""},"categories":[1],"tags":[],"_links":{"self":[{"href":"https:\/\/semus.pmsaraguaia.pa.gov.br\/index.php?rest_route=\/wp\/v2\/posts\/2106"}],"collection":[{"href":"https:\/\/semus.pmsaraguaia.pa.gov.br\/index.php?rest_route=\/wp\/v2\/posts"}],"about":[{"href":"https:\/\/semus.pmsaraguaia.pa.gov.br\/index.php?rest_route=\/wp\/v2\/types\/post"}],"author":[{"embeddable":true,"href":"https:\/\/semus.pmsaraguaia.pa.gov.br\/index.php?rest_route=\/wp\/v2\/users\/3"}],"replies":[{"embeddable":true,"href":"https:\/\/semus.pmsaraguaia.pa.gov.br\/index.php?rest_route=%2Fwp%2Fv2%2Fcomments&post=2106"}],"version-history":[{"count":1,"href":"https:\/\/semus.pmsaraguaia.pa.gov.br\/index.php?rest_route=\/wp\/v2\/posts\/2106\/revisions"}],"predecessor-version":[{"id":2109,"href":"https:\/\/semus.pmsaraguaia.pa.gov.br\/index.php?rest_route=\/wp\/v2\/posts\/2106\/revisions\/2109"}],"wp:featuredmedia":[{"embeddable":true,"href":"https:\/\/semus.pmsaraguaia.pa.gov.br\/index.php?rest_route=\/wp\/v2\/media\/2108"}],"wp:attachment":[{"href":"https:\/\/semus.pmsaraguaia.pa.gov.br\/index.php?rest_route=%2Fwp%2Fv2%2Fmedia&parent=2106"}],"wp:term":[{"taxonomy":"category","embeddable":true,"href":"https:\/\/semus.pmsaraguaia.pa.gov.br\/index.php?rest_route=%2Fwp%2Fv2%2Fcategories&post=2106"},{"taxonomy":"post_tag","embeddable":true,"href":"https:\/\/semus.pmsaraguaia.pa.gov.br\/index.php?rest_route=%2Fwp%2Fv2%2Ftags&post=2106"}],"curies":[{"name":"wp","href":"https:\/\/api.w.org\/{rel}","templated":true}]}}