{"id":2055,"date":"2024-03-22T10:25:53","date_gmt":"2024-03-22T13:25:53","guid":{"rendered":"https:\/\/semus.pmsaraguaia.pa.gov.br\/?p=2055"},"modified":"2024-03-22T10:25:56","modified_gmt":"2024-03-22T13:25:56","slug":"dia-mundial-da-sindrome-de-down-promovendo-inclusao-e-respeito-%f0%9f%92%99%f0%9f%92%9b","status":"publish","type":"post","link":"https:\/\/semus.pmsaraguaia.pa.gov.br\/?p=2055","title":{"rendered":"Dia Mundial da S\u00edndrome de Down: Promovendo Inclus\u00e3o e Respeito ??"},"content":{"rendered":"\n<p>No dia 21 de mar\u00e7o, Dia Mundial da S\u00edndrome de Down, \u00e9 fundamental destacar a import\u00e2ncia da inclus\u00e3o e do respeito. Esta data nos convida a refletir sobre os desafios enfrentados pelas pessoas com essa condi\u00e7\u00e3o gen\u00e9tica e a promover uma cultura de acolhimento em nossas comunidades. Ao reconhecer as habilidades \u00fanicas de cada ser, contribu\u00edmos para um mundo mais inclusivo. A todas as crian\u00e7as, sejam elas quais forem suas caracter\u00edsticas, queremos dizer: voc\u00eas s\u00e3o amadas e valorizadas. Juntos, podemos construir um futuro onde a diversidade seja celebrada e todos tenham oportunidades iguais para prosperar.<\/p>\n\n\n\n<p>&#8220;Kelly Conti, Secret\u00e1ria de Sa\u00fade, valoriza o cuidado e a dedica\u00e7\u00e3o de toda a equipe da APAE, fundamentais para o sorriso e a felicidade das crian\u00e7as atendidas. Parab\u00e9ns a todos pelo acolhimento caloroso e amor incondicional proporcionados \u00e0s nossas crian\u00e7as!&#8221;<\/p>\n\n\n\n<figure class=\"wp-block-video\"><video controls src=\"https:\/\/semus.pmsaraguaia.pa.gov.br\/wp-content\/uploads\/2024\/03\/WhatsApp-Video-2024-03-22-at-10.15.17.mp4\"><\/video><\/figure>\n\n\n\n<figure class=\"wp-block-video\"><video controls src=\"https:\/\/semus.pmsaraguaia.pa.gov.br\/wp-content\/uploads\/2024\/03\/WhatsApp-Video-2024-03-22-at-10.15.27.mp4\"><\/video><\/figure>\n","protected":false},"excerpt":{"rendered":"<p>No dia 21 de mar\u00e7o, Dia Mundial da S\u00edndrome de Down, \u00e9 fundamental destacar a import\u00e2ncia da inclus\u00e3o e do respeito. Esta data nos convida a refletir sobre os desafios enfrentados pelas pessoas com essa condi\u00e7\u00e3o gen\u00e9tica e a promover uma cultura de acolhimento em nossas comunidades. Ao reconhecer as habilidades \u00fanicas de cada ser, &hellip;<\/p>\n","protected":false},"author":3,"featured_media":2058,"comment_status":"open","ping_status":"open","sticky":false,"template":"","format":"standard","meta":{"footnotes":""},"categories":[1],"tags":[],"_links":{"self":[{"href":"https:\/\/semus.pmsaraguaia.pa.gov.br\/index.php?rest_route=\/wp\/v2\/posts\/2055"}],"collection":[{"href":"https:\/\/semus.pmsaraguaia.pa.gov.br\/index.php?rest_route=\/wp\/v2\/posts"}],"about":[{"href":"https:\/\/semus.pmsaraguaia.pa.gov.br\/index.php?rest_route=\/wp\/v2\/types\/post"}],"author":[{"embeddable":true,"href":"https:\/\/semus.pmsaraguaia.pa.gov.br\/index.php?rest_route=\/wp\/v2\/users\/3"}],"replies":[{"embeddable":true,"href":"https:\/\/semus.pmsaraguaia.pa.gov.br\/index.php?rest_route=%2Fwp%2Fv2%2Fcomments&post=2055"}],"version-history":[{"count":1,"href":"https:\/\/semus.pmsaraguaia.pa.gov.br\/index.php?rest_route=\/wp\/v2\/posts\/2055\/revisions"}],"predecessor-version":[{"id":2059,"href":"https:\/\/semus.pmsaraguaia.pa.gov.br\/index.php?rest_route=\/wp\/v2\/posts\/2055\/revisions\/2059"}],"wp:featuredmedia":[{"embeddable":true,"href":"https:\/\/semus.pmsaraguaia.pa.gov.br\/index.php?rest_route=\/wp\/v2\/media\/2058"}],"wp:attachment":[{"href":"https:\/\/semus.pmsaraguaia.pa.gov.br\/index.php?rest_route=%2Fwp%2Fv2%2Fmedia&parent=2055"}],"wp:term":[{"taxonomy":"category","embeddable":true,"href":"https:\/\/semus.pmsaraguaia.pa.gov.br\/index.php?rest_route=%2Fwp%2Fv2%2Fcategories&post=2055"},{"taxonomy":"post_tag","embeddable":true,"href":"https:\/\/semus.pmsaraguaia.pa.gov.br\/index.php?rest_route=%2Fwp%2Fv2%2Ftags&post=2055"}],"curies":[{"name":"wp","href":"https:\/\/api.w.org\/{rel}","templated":true}]}}