{"id":2048,"date":"2024-03-20T09:03:48","date_gmt":"2024-03-20T12:03:48","guid":{"rendered":"https:\/\/semus.pmsaraguaia.pa.gov.br\/?p=2048"},"modified":"2024-03-20T09:03:51","modified_gmt":"2024-03-20T12:03:51","slug":"mes-de-marco-lilas-prevencao-do-colo-do-utero-em-destaque-%f0%9f%92%9c%f0%9f%8c%b8%f0%9f%a9%ba","status":"publish","type":"post","link":"https:\/\/semus.pmsaraguaia.pa.gov.br\/?p=2048","title":{"rendered":"M\u00eas de Mar\u00e7o Lil\u00e1s: Preven\u00e7\u00e3o do Colo do \u00datero em Destaque ???"},"content":{"rendered":"\n<p>No dia 25 de mar\u00e7o, a Estrat\u00e9gia Sa\u00fade da Fam\u00edlia Cristalino estar\u00e1 promovendo uma programa\u00e7\u00e3o especial em celebra\u00e7\u00e3o ao M\u00eas de Preven\u00e7\u00e3o do Colo do \u00datero, tamb\u00e9m conhecido como &#8220;Mar\u00e7o Lil\u00e1s&#8221;. ???<\/p>\n\n\n\n<p>O evento contar\u00e1 com rodas de conversas com as mulheres, proporcionando um espa\u00e7o de di\u00e1logo e troca de experi\u00eancias sobre temas relevantes para a sa\u00fade feminina. Al\u00e9m disso, haver\u00e1 testes de s\u00edfilis e hepatite, consultas e coletas de PCCU com profissionais de Santana do Araguaia. Tamb\u00e9m ser\u00e3o realizados sorteios de brindes, entrega de lembrancinhas e um delicioso ch\u00e1 da tarde.<\/p>\n\n\n\n<p>A programa\u00e7\u00e3o ter\u00e1 in\u00edcio \u00e0s 14 horas. Contamos com a participa\u00e7\u00e3o de todas as mulheres da comunidade para fortalecer a cultura da preven\u00e7\u00e3o e do autocuidado.<\/p>\n\n\n\n<p>&#8220;Mulheres, sua sa\u00fade \u00e9 nossa prioridade. Juntas pela preven\u00e7\u00e3o do colo do \u00fatero.&#8221; &#8211; Secret\u00e1ria de Sa\u00fade, Kelly Conti<\/p>\n\n\n\n<figure class=\"wp-block-image size-large\"><img loading=\"lazy\" decoding=\"async\" width=\"1024\" height=\"1024\" src=\"https:\/\/semus.pmsaraguaia.pa.gov.br\/wp-content\/uploads\/2024\/03\/WhatsApp-Image-2024-03-19-at-17.48.15-1-1024x1024.jpeg\" alt=\"\" class=\"wp-image-2049\" srcset=\"https:\/\/semus.pmsaraguaia.pa.gov.br\/wp-content\/uploads\/2024\/03\/WhatsApp-Image-2024-03-19-at-17.48.15-1-1024x1024.jpeg 1024w, https:\/\/semus.pmsaraguaia.pa.gov.br\/wp-content\/uploads\/2024\/03\/WhatsApp-Image-2024-03-19-at-17.48.15-1-300x300.jpeg 300w, https:\/\/semus.pmsaraguaia.pa.gov.br\/wp-content\/uploads\/2024\/03\/WhatsApp-Image-2024-03-19-at-17.48.15-1-150x150.jpeg 150w, https:\/\/semus.pmsaraguaia.pa.gov.br\/wp-content\/uploads\/2024\/03\/WhatsApp-Image-2024-03-19-at-17.48.15-1-768x768.jpeg 768w, https:\/\/semus.pmsaraguaia.pa.gov.br\/wp-content\/uploads\/2024\/03\/WhatsApp-Image-2024-03-19-at-17.48.15-1.jpeg 1181w\" sizes=\"(max-width: 1024px) 100vw, 1024px\" \/><\/figure>\n","protected":false},"excerpt":{"rendered":"<p>No dia 25 de mar\u00e7o, a Estrat\u00e9gia Sa\u00fade da Fam\u00edlia Cristalino estar\u00e1 promovendo uma programa\u00e7\u00e3o especial em celebra\u00e7\u00e3o ao M\u00eas de Preven\u00e7\u00e3o do Colo do \u00datero, tamb\u00e9m conhecido como &#8220;Mar\u00e7o Lil\u00e1s&#8221;. ??? O evento contar\u00e1 com rodas de conversas com as mulheres, proporcionando um espa\u00e7o de di\u00e1logo e troca de experi\u00eancias sobre temas relevantes para &hellip;<\/p>\n","protected":false},"author":3,"featured_media":2049,"comment_status":"open","ping_status":"open","sticky":false,"template":"","format":"standard","meta":{"footnotes":""},"categories":[1],"tags":[],"_links":{"self":[{"href":"https:\/\/semus.pmsaraguaia.pa.gov.br\/index.php?rest_route=\/wp\/v2\/posts\/2048"}],"collection":[{"href":"https:\/\/semus.pmsaraguaia.pa.gov.br\/index.php?rest_route=\/wp\/v2\/posts"}],"about":[{"href":"https:\/\/semus.pmsaraguaia.pa.gov.br\/index.php?rest_route=\/wp\/v2\/types\/post"}],"author":[{"embeddable":true,"href":"https:\/\/semus.pmsaraguaia.pa.gov.br\/index.php?rest_route=\/wp\/v2\/users\/3"}],"replies":[{"embeddable":true,"href":"https:\/\/semus.pmsaraguaia.pa.gov.br\/index.php?rest_route=%2Fwp%2Fv2%2Fcomments&post=2048"}],"version-history":[{"count":1,"href":"https:\/\/semus.pmsaraguaia.pa.gov.br\/index.php?rest_route=\/wp\/v2\/posts\/2048\/revisions"}],"predecessor-version":[{"id":2050,"href":"https:\/\/semus.pmsaraguaia.pa.gov.br\/index.php?rest_route=\/wp\/v2\/posts\/2048\/revisions\/2050"}],"wp:featuredmedia":[{"embeddable":true,"href":"https:\/\/semus.pmsaraguaia.pa.gov.br\/index.php?rest_route=\/wp\/v2\/media\/2049"}],"wp:attachment":[{"href":"https:\/\/semus.pmsaraguaia.pa.gov.br\/index.php?rest_route=%2Fwp%2Fv2%2Fmedia&parent=2048"}],"wp:term":[{"taxonomy":"category","embeddable":true,"href":"https:\/\/semus.pmsaraguaia.pa.gov.br\/index.php?rest_route=%2Fwp%2Fv2%2Fcategories&post=2048"},{"taxonomy":"post_tag","embeddable":true,"href":"https:\/\/semus.pmsaraguaia.pa.gov.br\/index.php?rest_route=%2Fwp%2Fv2%2Ftags&post=2048"}],"curies":[{"name":"wp","href":"https:\/\/api.w.org\/{rel}","templated":true}]}}