{"id":2044,"date":"2024-03-20T08:47:53","date_gmt":"2024-03-20T11:47:53","guid":{"rendered":"https:\/\/semus.pmsaraguaia.pa.gov.br\/?p=2044"},"modified":"2024-03-20T08:47:57","modified_gmt":"2024-03-20T11:47:57","slug":"20-de-marco-dia-mundial-da-saude-bucal-%f0%9f%a6%b7%f0%9f%98%81%e2%9c%a8","status":"publish","type":"post","link":"https:\/\/semus.pmsaraguaia.pa.gov.br\/?p=2044","title":{"rendered":"20 de Mar\u00e7o &#8211; Dia Mundial da Sa\u00fade Bucal ??\u2728"},"content":{"rendered":"\n<p>Neste Dia Mundial da Sa\u00fade Bucal, vamos refletir sobre o poder transformador de um sorriso saud\u00e1vel. Uma boa higiene bucal garante dentes fortes e \u00e9 vital para o bem-estar geral do corpo. Escovar os dentes, usar fio dental e fazer visitas regulares ao dentista s\u00e3o investimentos em nossa sa\u00fade e felicidade duradouras. Vamos proteger nossos sorrisos, pois eles s\u00e3o a porta de entrada para uma vida plena e saud\u00e1vel.<\/p>\n\n\n\n<p>&#8220;Um sorriso saud\u00e1vel \u00e9 a garantia de uma vida feliz. Cuide da sua sa\u00fade bucal e compartilhe a sua alegria com o mundo!&#8221;<\/p>\n\n\n\n<figure class=\"wp-block-image size-large\"><img loading=\"lazy\" decoding=\"async\" width=\"1024\" height=\"1024\" src=\"https:\/\/semus.pmsaraguaia.pa.gov.br\/wp-content\/uploads\/2024\/03\/WhatsApp-Image-2024-03-20-at-08.20.10-1024x1024.jpeg\" alt=\"\" class=\"wp-image-2045\" srcset=\"https:\/\/semus.pmsaraguaia.pa.gov.br\/wp-content\/uploads\/2024\/03\/WhatsApp-Image-2024-03-20-at-08.20.10-1024x1024.jpeg 1024w, https:\/\/semus.pmsaraguaia.pa.gov.br\/wp-content\/uploads\/2024\/03\/WhatsApp-Image-2024-03-20-at-08.20.10-300x300.jpeg 300w, https:\/\/semus.pmsaraguaia.pa.gov.br\/wp-content\/uploads\/2024\/03\/WhatsApp-Image-2024-03-20-at-08.20.10-150x150.jpeg 150w, https:\/\/semus.pmsaraguaia.pa.gov.br\/wp-content\/uploads\/2024\/03\/WhatsApp-Image-2024-03-20-at-08.20.10-768x768.jpeg 768w, https:\/\/semus.pmsaraguaia.pa.gov.br\/wp-content\/uploads\/2024\/03\/WhatsApp-Image-2024-03-20-at-08.20.10.jpeg 1080w\" sizes=\"(max-width: 1024px) 100vw, 1024px\" \/><\/figure>\n","protected":false},"excerpt":{"rendered":"<p>Neste Dia Mundial da Sa\u00fade Bucal, vamos refletir sobre o poder transformador de um sorriso saud\u00e1vel. Uma boa higiene bucal garante dentes fortes e \u00e9 vital para o bem-estar geral do corpo. Escovar os dentes, usar fio dental e fazer visitas regulares ao dentista s\u00e3o investimentos em nossa sa\u00fade e felicidade duradouras. Vamos proteger nossos &hellip;<\/p>\n","protected":false},"author":3,"featured_media":2045,"comment_status":"open","ping_status":"open","sticky":false,"template":"","format":"standard","meta":{"footnotes":""},"categories":[1],"tags":[],"_links":{"self":[{"href":"https:\/\/semus.pmsaraguaia.pa.gov.br\/index.php?rest_route=\/wp\/v2\/posts\/2044"}],"collection":[{"href":"https:\/\/semus.pmsaraguaia.pa.gov.br\/index.php?rest_route=\/wp\/v2\/posts"}],"about":[{"href":"https:\/\/semus.pmsaraguaia.pa.gov.br\/index.php?rest_route=\/wp\/v2\/types\/post"}],"author":[{"embeddable":true,"href":"https:\/\/semus.pmsaraguaia.pa.gov.br\/index.php?rest_route=\/wp\/v2\/users\/3"}],"replies":[{"embeddable":true,"href":"https:\/\/semus.pmsaraguaia.pa.gov.br\/index.php?rest_route=%2Fwp%2Fv2%2Fcomments&post=2044"}],"version-history":[{"count":1,"href":"https:\/\/semus.pmsaraguaia.pa.gov.br\/index.php?rest_route=\/wp\/v2\/posts\/2044\/revisions"}],"predecessor-version":[{"id":2046,"href":"https:\/\/semus.pmsaraguaia.pa.gov.br\/index.php?rest_route=\/wp\/v2\/posts\/2044\/revisions\/2046"}],"wp:featuredmedia":[{"embeddable":true,"href":"https:\/\/semus.pmsaraguaia.pa.gov.br\/index.php?rest_route=\/wp\/v2\/media\/2045"}],"wp:attachment":[{"href":"https:\/\/semus.pmsaraguaia.pa.gov.br\/index.php?rest_route=%2Fwp%2Fv2%2Fmedia&parent=2044"}],"wp:term":[{"taxonomy":"category","embeddable":true,"href":"https:\/\/semus.pmsaraguaia.pa.gov.br\/index.php?rest_route=%2Fwp%2Fv2%2Fcategories&post=2044"},{"taxonomy":"post_tag","embeddable":true,"href":"https:\/\/semus.pmsaraguaia.pa.gov.br\/index.php?rest_route=%2Fwp%2Fv2%2Ftags&post=2044"}],"curies":[{"name":"wp","href":"https:\/\/api.w.org\/{rel}","templated":true}]}}