{"id":1990,"date":"2024-03-12T09:38:59","date_gmt":"2024-03-12T12:38:59","guid":{"rendered":"https:\/\/semus.pmsaraguaia.pa.gov.br\/?p=1990"},"modified":"2024-03-12T09:39:03","modified_gmt":"2024-03-12T12:39:03","slug":"cada-conquista-na-saude-e-um-reflexo-do-compromisso-da-secretaria-de-saude-kelly-conti-%f0%9f%8f%a5%f0%9f%9a%90%f0%9f%92%99","status":"publish","type":"post","link":"https:\/\/semus.pmsaraguaia.pa.gov.br\/?p=1990","title":{"rendered":"CADA CONQUISTA NA SA\u00daDE \u00c9 UM REFLEXO DO COMPROMISSO DA SECRET\u00c1RIA DE SA\u00daDE KELLY CONTI. ???"},"content":{"rendered":"\n<p>A Secret\u00e1ria de Sa\u00fade, Kelly Conti, assinou hoje pela manh\u00e3 a ata de autoriza\u00e7\u00e3o para a ades\u00e3o da compra de uma nova van, destinada a transportar os pacientes para realizar seus tratamentos de hemodi\u00e1lise. Essa iniciativa \u00e9 um passo importante para garantir que os pacientes tenham acesso seguro e pontual aos cuidados de sa\u00fade necess\u00e1rios. Com a nova van, Kelly Conti demonstra seu compromisso em melhorar a qualidade de vida e a acessibilidade aos servi\u00e7os de sa\u00fade na comunidade.<\/p>\n\n\n\n<p>&#8220;\u00c9 lindo poder ajudar as pessoas.&#8221; &#8211; Kelly Conti<\/p>\n\n\n\n<figure class=\"wp-block-video\"><video controls src=\"https:\/\/semus.pmsaraguaia.pa.gov.br\/wp-content\/uploads\/2024\/03\/WhatsApp-Video-2024-03-11-at-13.11.21.mp4\"><\/video><\/figure>\n","protected":false},"excerpt":{"rendered":"<p>A Secret\u00e1ria de Sa\u00fade, Kelly Conti, assinou hoje pela manh\u00e3 a ata de autoriza\u00e7\u00e3o para a ades\u00e3o da compra de uma nova van, destinada a transportar os pacientes para realizar seus tratamentos de hemodi\u00e1lise. Essa iniciativa \u00e9 um passo importante para garantir que os pacientes tenham acesso seguro e pontual aos cuidados de sa\u00fade necess\u00e1rios. &hellip;<\/p>\n","protected":false},"author":3,"featured_media":1992,"comment_status":"open","ping_status":"open","sticky":false,"template":"","format":"standard","meta":{"footnotes":""},"categories":[1],"tags":[],"_links":{"self":[{"href":"https:\/\/semus.pmsaraguaia.pa.gov.br\/index.php?rest_route=\/wp\/v2\/posts\/1990"}],"collection":[{"href":"https:\/\/semus.pmsaraguaia.pa.gov.br\/index.php?rest_route=\/wp\/v2\/posts"}],"about":[{"href":"https:\/\/semus.pmsaraguaia.pa.gov.br\/index.php?rest_route=\/wp\/v2\/types\/post"}],"author":[{"embeddable":true,"href":"https:\/\/semus.pmsaraguaia.pa.gov.br\/index.php?rest_route=\/wp\/v2\/users\/3"}],"replies":[{"embeddable":true,"href":"https:\/\/semus.pmsaraguaia.pa.gov.br\/index.php?rest_route=%2Fwp%2Fv2%2Fcomments&post=1990"}],"version-history":[{"count":1,"href":"https:\/\/semus.pmsaraguaia.pa.gov.br\/index.php?rest_route=\/wp\/v2\/posts\/1990\/revisions"}],"predecessor-version":[{"id":1993,"href":"https:\/\/semus.pmsaraguaia.pa.gov.br\/index.php?rest_route=\/wp\/v2\/posts\/1990\/revisions\/1993"}],"wp:featuredmedia":[{"embeddable":true,"href":"https:\/\/semus.pmsaraguaia.pa.gov.br\/index.php?rest_route=\/wp\/v2\/media\/1992"}],"wp:attachment":[{"href":"https:\/\/semus.pmsaraguaia.pa.gov.br\/index.php?rest_route=%2Fwp%2Fv2%2Fmedia&parent=1990"}],"wp:term":[{"taxonomy":"category","embeddable":true,"href":"https:\/\/semus.pmsaraguaia.pa.gov.br\/index.php?rest_route=%2Fwp%2Fv2%2Fcategories&post=1990"},{"taxonomy":"post_tag","embeddable":true,"href":"https:\/\/semus.pmsaraguaia.pa.gov.br\/index.php?rest_route=%2Fwp%2Fv2%2Ftags&post=1990"}],"curies":[{"name":"wp","href":"https:\/\/api.w.org\/{rel}","templated":true}]}}