{"id":1987,"date":"2024-03-12T09:30:49","date_gmt":"2024-03-12T12:30:49","guid":{"rendered":"https:\/\/semus.pmsaraguaia.pa.gov.br\/?p=1987"},"modified":"2024-03-12T09:30:53","modified_gmt":"2024-03-12T12:30:53","slug":"durante-o-mes-de-marco-alem-do-marco-lilas-destacamos-duas-importantes-campanhas-de-conscientizacao-sobre-saude-cada-uma-associada-a-uma-cor-especifica","status":"publish","type":"post","link":"https:\/\/semus.pmsaraguaia.pa.gov.br\/?p=1987","title":{"rendered":"Durante o m\u00eas de mar\u00e7o, al\u00e9m do mar\u00e7o lil\u00e1s destacamos duas importantes campanhas de conscientiza\u00e7\u00e3o sobre sa\u00fade, cada uma associada a uma cor espec\u00edfica:"},"content":{"rendered":"\n<p>? Mar\u00e7o Amarelo: \u00c9 uma campanha global dedicada a ampliar as discuss\u00f5es sobre a endometriose. Estima-se que mais de 176 milh\u00f5es de mulheres em todo o mundo sejam afetadas por essa condi\u00e7\u00e3o, sendo mais de 6 milh\u00f5es apenas no Brasil. A conscientiza\u00e7\u00e3o \u00e9 essencial para promover o diagn\u00f3stico precoce e o acesso ao tratamento adequado.<br>? Mar\u00e7o Azul-marinho: Esta iniciativa visa sensibilizar a popula\u00e7\u00e3o e os profissionais de sa\u00fade sobre os riscos do c\u00e2ncer colorretal. Mobilizar esfor\u00e7os para a conscientiza\u00e7\u00e3o \u00e9 fundamental para a preven\u00e7\u00e3o e o diagn\u00f3stico precoce dessa doen\u00e7a.<\/p>\n\n\n\n<figure class=\"wp-block-image size-large\"><img loading=\"lazy\" decoding=\"async\" width=\"1024\" height=\"1024\" src=\"https:\/\/semus.pmsaraguaia.pa.gov.br\/wp-content\/uploads\/2024\/03\/WhatsApp-Image-2024-03-11-at-16.32.38-1024x1024.jpeg\" alt=\"\" class=\"wp-image-1988\" srcset=\"https:\/\/semus.pmsaraguaia.pa.gov.br\/wp-content\/uploads\/2024\/03\/WhatsApp-Image-2024-03-11-at-16.32.38-1024x1024.jpeg 1024w, https:\/\/semus.pmsaraguaia.pa.gov.br\/wp-content\/uploads\/2024\/03\/WhatsApp-Image-2024-03-11-at-16.32.38-300x300.jpeg 300w, https:\/\/semus.pmsaraguaia.pa.gov.br\/wp-content\/uploads\/2024\/03\/WhatsApp-Image-2024-03-11-at-16.32.38-150x150.jpeg 150w, https:\/\/semus.pmsaraguaia.pa.gov.br\/wp-content\/uploads\/2024\/03\/WhatsApp-Image-2024-03-11-at-16.32.38-768x768.jpeg 768w, https:\/\/semus.pmsaraguaia.pa.gov.br\/wp-content\/uploads\/2024\/03\/WhatsApp-Image-2024-03-11-at-16.32.38.jpeg 1181w\" sizes=\"(max-width: 1024px) 100vw, 1024px\" \/><\/figure>\n","protected":false},"excerpt":{"rendered":"<p>? Mar\u00e7o Amarelo: \u00c9 uma campanha global dedicada a ampliar as discuss\u00f5es sobre a endometriose. Estima-se que mais de 176 milh\u00f5es de mulheres em todo o mundo sejam afetadas por essa condi\u00e7\u00e3o, sendo mais de 6 milh\u00f5es apenas no Brasil. A conscientiza\u00e7\u00e3o \u00e9 essencial para promover o diagn\u00f3stico precoce e o acesso ao tratamento adequado.? &hellip;<\/p>\n","protected":false},"author":3,"featured_media":1988,"comment_status":"open","ping_status":"open","sticky":false,"template":"","format":"standard","meta":{"footnotes":""},"categories":[1],"tags":[],"_links":{"self":[{"href":"https:\/\/semus.pmsaraguaia.pa.gov.br\/index.php?rest_route=\/wp\/v2\/posts\/1987"}],"collection":[{"href":"https:\/\/semus.pmsaraguaia.pa.gov.br\/index.php?rest_route=\/wp\/v2\/posts"}],"about":[{"href":"https:\/\/semus.pmsaraguaia.pa.gov.br\/index.php?rest_route=\/wp\/v2\/types\/post"}],"author":[{"embeddable":true,"href":"https:\/\/semus.pmsaraguaia.pa.gov.br\/index.php?rest_route=\/wp\/v2\/users\/3"}],"replies":[{"embeddable":true,"href":"https:\/\/semus.pmsaraguaia.pa.gov.br\/index.php?rest_route=%2Fwp%2Fv2%2Fcomments&post=1987"}],"version-history":[{"count":1,"href":"https:\/\/semus.pmsaraguaia.pa.gov.br\/index.php?rest_route=\/wp\/v2\/posts\/1987\/revisions"}],"predecessor-version":[{"id":1989,"href":"https:\/\/semus.pmsaraguaia.pa.gov.br\/index.php?rest_route=\/wp\/v2\/posts\/1987\/revisions\/1989"}],"wp:featuredmedia":[{"embeddable":true,"href":"https:\/\/semus.pmsaraguaia.pa.gov.br\/index.php?rest_route=\/wp\/v2\/media\/1988"}],"wp:attachment":[{"href":"https:\/\/semus.pmsaraguaia.pa.gov.br\/index.php?rest_route=%2Fwp%2Fv2%2Fmedia&parent=1987"}],"wp:term":[{"taxonomy":"category","embeddable":true,"href":"https:\/\/semus.pmsaraguaia.pa.gov.br\/index.php?rest_route=%2Fwp%2Fv2%2Fcategories&post=1987"},{"taxonomy":"post_tag","embeddable":true,"href":"https:\/\/semus.pmsaraguaia.pa.gov.br\/index.php?rest_route=%2Fwp%2Fv2%2Ftags&post=1987"}],"curies":[{"name":"wp","href":"https:\/\/api.w.org\/{rel}","templated":true}]}}