{"id":1979,"date":"2024-03-11T10:54:28","date_gmt":"2024-03-11T13:54:28","guid":{"rendered":"https:\/\/semus.pmsaraguaia.pa.gov.br\/?p=1979"},"modified":"2024-03-11T10:54:32","modified_gmt":"2024-03-11T13:54:32","slug":"hoje-dia-08-de-marco-dia-internacional-da-mulher-foi-realizado-um-evento-no-cras-centro-de-referencia-de-assistencia-social-para-celebrar-essa-data-tao-especial-para-as-mulheres-%f0%9f%a9%b7","status":"publish","type":"post","link":"https:\/\/semus.pmsaraguaia.pa.gov.br\/?p=1979","title":{"rendered":"Hoje, dia 08 de mar\u00e7o, Dia Internacional da Mulher, foi realizado um evento no CRAS (Centro de Refer\u00eancia de Assist\u00eancia Social) para celebrar essa data t\u00e3o especial para as mulheres. ?????\u200d??"},"content":{"rendered":"\n<p>Uma parceria entre a Secretaria Municipal de Sa\u00fade e a Secretaria de Assist\u00eancia Social, proporcionando um momento \u00fanico. Palestras com psic\u00f3loga m\u00fasicas alegres, din\u00e2micas e, para finalizar, um delicioso caf\u00e9 da manh\u00e3. Foi um encontro repleto de alegria, sorrisos compartilhados entre todas as mulheres presentes, celebrando a for\u00e7a e o empoderamento feminino.<\/p>\n\n\n\n<p>&#8220;Parab\u00e9ns a todas as mulheres por sua dedica\u00e7\u00e3o \u00e0 sa\u00fade da nossa comunidade.&#8221; &#8211; Kelly Conti, Secret\u00e1ria de Sa\u00fade.<\/p>\n\n\n\n<figure class=\"wp-block-video\"><video controls src=\"https:\/\/semus.pmsaraguaia.pa.gov.br\/wp-content\/uploads\/2024\/03\/WhatsApp-Video-2024-03-11-at-10.35.55.mp4\"><\/video><\/figure>\n\n\n\n<figure class=\"wp-block-video\"><video controls src=\"https:\/\/semus.pmsaraguaia.pa.gov.br\/wp-content\/uploads\/2024\/03\/WhatsApp-Video-2024-03-11-at-10.36.06.mp4\"><\/video><\/figure>\n","protected":false},"excerpt":{"rendered":"<p>Uma parceria entre a Secretaria Municipal de Sa\u00fade e a Secretaria de Assist\u00eancia Social, proporcionando um momento \u00fanico. Palestras com psic\u00f3loga m\u00fasicas alegres, din\u00e2micas e, para finalizar, um delicioso caf\u00e9 da manh\u00e3. Foi um encontro repleto de alegria, sorrisos compartilhados entre todas as mulheres presentes, celebrando a for\u00e7a e o empoderamento feminino. &#8220;Parab\u00e9ns a todas &hellip;<\/p>\n","protected":false},"author":3,"featured_media":1982,"comment_status":"open","ping_status":"open","sticky":false,"template":"","format":"standard","meta":{"footnotes":""},"categories":[1],"tags":[],"_links":{"self":[{"href":"https:\/\/semus.pmsaraguaia.pa.gov.br\/index.php?rest_route=\/wp\/v2\/posts\/1979"}],"collection":[{"href":"https:\/\/semus.pmsaraguaia.pa.gov.br\/index.php?rest_route=\/wp\/v2\/posts"}],"about":[{"href":"https:\/\/semus.pmsaraguaia.pa.gov.br\/index.php?rest_route=\/wp\/v2\/types\/post"}],"author":[{"embeddable":true,"href":"https:\/\/semus.pmsaraguaia.pa.gov.br\/index.php?rest_route=\/wp\/v2\/users\/3"}],"replies":[{"embeddable":true,"href":"https:\/\/semus.pmsaraguaia.pa.gov.br\/index.php?rest_route=%2Fwp%2Fv2%2Fcomments&post=1979"}],"version-history":[{"count":1,"href":"https:\/\/semus.pmsaraguaia.pa.gov.br\/index.php?rest_route=\/wp\/v2\/posts\/1979\/revisions"}],"predecessor-version":[{"id":1983,"href":"https:\/\/semus.pmsaraguaia.pa.gov.br\/index.php?rest_route=\/wp\/v2\/posts\/1979\/revisions\/1983"}],"wp:featuredmedia":[{"embeddable":true,"href":"https:\/\/semus.pmsaraguaia.pa.gov.br\/index.php?rest_route=\/wp\/v2\/media\/1982"}],"wp:attachment":[{"href":"https:\/\/semus.pmsaraguaia.pa.gov.br\/index.php?rest_route=%2Fwp%2Fv2%2Fmedia&parent=1979"}],"wp:term":[{"taxonomy":"category","embeddable":true,"href":"https:\/\/semus.pmsaraguaia.pa.gov.br\/index.php?rest_route=%2Fwp%2Fv2%2Fcategories&post=1979"},{"taxonomy":"post_tag","embeddable":true,"href":"https:\/\/semus.pmsaraguaia.pa.gov.br\/index.php?rest_route=%2Fwp%2Fv2%2Ftags&post=1979"}],"curies":[{"name":"wp","href":"https:\/\/api.w.org\/{rel}","templated":true}]}}