{"id":1974,"date":"2024-03-11T10:26:07","date_gmt":"2024-03-11T13:26:07","guid":{"rendered":"https:\/\/semus.pmsaraguaia.pa.gov.br\/?p=1974"},"modified":"2024-03-11T10:39:24","modified_gmt":"2024-03-11T13:39:24","slug":"a-secretaria-de-saude-kelly-conti-que-tambem-e-uma-grande-mulher-parabeniza-todas-as-guerreiras-que-trabalham-na-area-da-saude-com-amor-dedicacao-e-contribuicao-para-o-empoderamento-feminino-na-s","status":"publish","type":"post","link":"https:\/\/semus.pmsaraguaia.pa.gov.br\/?p=1974","title":{"rendered":"A Secret\u00e1ria de Sa\u00fade, Kelly Conti, que tamb\u00e9m \u00e9 uma grande mulher, parabeniza todas as guerreiras que trabalham na \u00e1rea da sa\u00fade com amor, dedica\u00e7\u00e3o e contribui\u00e7\u00e3o para o empoderamento feminino. Na Secretaria Municipal de Sa\u00fade, hoje pela manh\u00e3, foi realizado um caf\u00e9 da manh\u00e3 especial."},"content":{"rendered":"\n<p>Acompanhado de uma bela ora\u00e7\u00e3o feita por Am\u00e9lia Nunes, que trouxe palavras de Deus aben\u00e7oando as mulheres, foi um momento significativo. \u00c9 uma ocasi\u00e3o para reconhecer n\u00e3o apenas o esfor\u00e7o dessas mulheres, mas tamb\u00e9m sua import\u00e2ncia fundamental no campo da sa\u00fade. Parab\u00e9ns mulheres, voc\u00eas s\u00e3o todas especiais!<\/p>\n\n\n\n<figure class=\"wp-block-video\"><video controls src=\"https:\/\/semus.pmsaraguaia.pa.gov.br\/wp-content\/uploads\/2024\/03\/WhatsApp-Video-2024-03-08-at-15.21.57.mp4\"><\/video><\/figure>\n","protected":false},"excerpt":{"rendered":"<p>Acompanhado de uma bela ora\u00e7\u00e3o feita por Am\u00e9lia Nunes, que trouxe palavras de Deus aben\u00e7oando as mulheres, foi um momento significativo. \u00c9 uma ocasi\u00e3o para reconhecer n\u00e3o apenas o esfor\u00e7o dessas mulheres, mas tamb\u00e9m sua import\u00e2ncia fundamental no campo da sa\u00fade. Parab\u00e9ns mulheres, voc\u00eas s\u00e3o todas especiais!<\/p>\n","protected":false},"author":3,"featured_media":1978,"comment_status":"open","ping_status":"open","sticky":false,"template":"","format":"standard","meta":{"footnotes":""},"categories":[1],"tags":[],"_links":{"self":[{"href":"https:\/\/semus.pmsaraguaia.pa.gov.br\/index.php?rest_route=\/wp\/v2\/posts\/1974"}],"collection":[{"href":"https:\/\/semus.pmsaraguaia.pa.gov.br\/index.php?rest_route=\/wp\/v2\/posts"}],"about":[{"href":"https:\/\/semus.pmsaraguaia.pa.gov.br\/index.php?rest_route=\/wp\/v2\/types\/post"}],"author":[{"embeddable":true,"href":"https:\/\/semus.pmsaraguaia.pa.gov.br\/index.php?rest_route=\/wp\/v2\/users\/3"}],"replies":[{"embeddable":true,"href":"https:\/\/semus.pmsaraguaia.pa.gov.br\/index.php?rest_route=%2Fwp%2Fv2%2Fcomments&post=1974"}],"version-history":[{"count":1,"href":"https:\/\/semus.pmsaraguaia.pa.gov.br\/index.php?rest_route=\/wp\/v2\/posts\/1974\/revisions"}],"predecessor-version":[{"id":1977,"href":"https:\/\/semus.pmsaraguaia.pa.gov.br\/index.php?rest_route=\/wp\/v2\/posts\/1974\/revisions\/1977"}],"wp:featuredmedia":[{"embeddable":true,"href":"https:\/\/semus.pmsaraguaia.pa.gov.br\/index.php?rest_route=\/wp\/v2\/media\/1978"}],"wp:attachment":[{"href":"https:\/\/semus.pmsaraguaia.pa.gov.br\/index.php?rest_route=%2Fwp%2Fv2%2Fmedia&parent=1974"}],"wp:term":[{"taxonomy":"category","embeddable":true,"href":"https:\/\/semus.pmsaraguaia.pa.gov.br\/index.php?rest_route=%2Fwp%2Fv2%2Fcategories&post=1974"},{"taxonomy":"post_tag","embeddable":true,"href":"https:\/\/semus.pmsaraguaia.pa.gov.br\/index.php?rest_route=%2Fwp%2Fv2%2Ftags&post=1974"}],"curies":[{"name":"wp","href":"https:\/\/api.w.org\/{rel}","templated":true}]}}