{"id":1961,"date":"2024-03-08T11:15:18","date_gmt":"2024-03-08T14:15:18","guid":{"rendered":"https:\/\/semus.pmsaraguaia.pa.gov.br\/?p=1961"},"modified":"2024-03-08T11:15:22","modified_gmt":"2024-03-08T14:15:22","slug":"a-apae-associacao-de-pais-e-amigos-dos-excepcionais-celebrou-o-dia-internacional-da-mulher-com-um-evento-especial-no-dia-07-03-reunindo-as-maes-dos-apaeanos-e-colaboradores-o-encontro-foi-marcado","status":"publish","type":"post","link":"https:\/\/semus.pmsaraguaia.pa.gov.br\/?p=1961","title":{"rendered":"A APAE (Associa\u00e7\u00e3o de Pais e Amigos dos Excepcionais) celebrou o Dia Internacional da Mulher com um evento especial no dia 07\/03. Reunindo as m\u00e3es dos apaeanos e colaboradores, o encontro foi marcado por palestras inspiradoras ministradas por uma psic\u00f3loga, seguidas por momentos de ora\u00e7\u00e3o e c\u00e2nticos evang\u00e9licos. ????????\u200d?"},"content":{"rendered":"\n<p>As m\u00e3es foram homenageadas com lembrancinhas carinhosas como forma de reconhecimento. Foi um momento para reconhecer e celebrar o papel fundamental das mulheres na comunidade da APAE. Todos compartilharam um delicioso caf\u00e9 da manh\u00e3 juntos, fortalecendo os la\u00e7os de solidariedade e gratid\u00e3o.<\/p>\n\n\n\n<p>&#8220;Ao cora\u00e7\u00e3o valente das mam\u00e3es e aos apoiadores dedicados da APAE, voc\u00eas s\u00e3o a ess\u00eancia do amor e da perseveran\u00e7a. Parab\u00e9ns pelo Dia Internacional da Mulher, e que continuem sendo luz na vida de tantos.&#8221; &#8211; Secret\u00e1ria de Sa\u00fade, Kelly Conti. \u2764\ufe0f<\/p>\n\n\n\n<figure class=\"wp-block-video\"><video controls src=\"https:\/\/semus.pmsaraguaia.pa.gov.br\/wp-content\/uploads\/2024\/03\/WhatsApp-Video-2024-03-07-at-20.50.57.mp4\"><\/video><\/figure>\n","protected":false},"excerpt":{"rendered":"<p>As m\u00e3es foram homenageadas com lembrancinhas carinhosas como forma de reconhecimento. Foi um momento para reconhecer e celebrar o papel fundamental das mulheres na comunidade da APAE. Todos compartilharam um delicioso caf\u00e9 da manh\u00e3 juntos, fortalecendo os la\u00e7os de solidariedade e gratid\u00e3o. &#8220;Ao cora\u00e7\u00e3o valente das mam\u00e3es e aos apoiadores dedicados da APAE, voc\u00eas s\u00e3o &hellip;<\/p>\n","protected":false},"author":3,"featured_media":1962,"comment_status":"open","ping_status":"open","sticky":false,"template":"","format":"standard","meta":{"footnotes":""},"categories":[1],"tags":[],"_links":{"self":[{"href":"https:\/\/semus.pmsaraguaia.pa.gov.br\/index.php?rest_route=\/wp\/v2\/posts\/1961"}],"collection":[{"href":"https:\/\/semus.pmsaraguaia.pa.gov.br\/index.php?rest_route=\/wp\/v2\/posts"}],"about":[{"href":"https:\/\/semus.pmsaraguaia.pa.gov.br\/index.php?rest_route=\/wp\/v2\/types\/post"}],"author":[{"embeddable":true,"href":"https:\/\/semus.pmsaraguaia.pa.gov.br\/index.php?rest_route=\/wp\/v2\/users\/3"}],"replies":[{"embeddable":true,"href":"https:\/\/semus.pmsaraguaia.pa.gov.br\/index.php?rest_route=%2Fwp%2Fv2%2Fcomments&post=1961"}],"version-history":[{"count":1,"href":"https:\/\/semus.pmsaraguaia.pa.gov.br\/index.php?rest_route=\/wp\/v2\/posts\/1961\/revisions"}],"predecessor-version":[{"id":1964,"href":"https:\/\/semus.pmsaraguaia.pa.gov.br\/index.php?rest_route=\/wp\/v2\/posts\/1961\/revisions\/1964"}],"wp:featuredmedia":[{"embeddable":true,"href":"https:\/\/semus.pmsaraguaia.pa.gov.br\/index.php?rest_route=\/wp\/v2\/media\/1962"}],"wp:attachment":[{"href":"https:\/\/semus.pmsaraguaia.pa.gov.br\/index.php?rest_route=%2Fwp%2Fv2%2Fmedia&parent=1961"}],"wp:term":[{"taxonomy":"category","embeddable":true,"href":"https:\/\/semus.pmsaraguaia.pa.gov.br\/index.php?rest_route=%2Fwp%2Fv2%2Fcategories&post=1961"},{"taxonomy":"post_tag","embeddable":true,"href":"https:\/\/semus.pmsaraguaia.pa.gov.br\/index.php?rest_route=%2Fwp%2Fv2%2Ftags&post=1961"}],"curies":[{"name":"wp","href":"https:\/\/api.w.org\/{rel}","templated":true}]}}