{"id":1955,"date":"2024-03-08T10:36:40","date_gmt":"2024-03-08T13:36:40","guid":{"rendered":"https:\/\/semus.pmsaraguaia.pa.gov.br\/?p=1955"},"modified":"2024-03-08T10:41:19","modified_gmt":"2024-03-08T13:41:19","slug":"o-dia-internacional-da-mulher-e-mais-do-que-uma-data-e-um-lembrete-poderoso-da-forca-extraordinaria-resiliencia-e-contribuicoes-das-mulheres-em-todas-as-areas-da-vida","status":"publish","type":"post","link":"https:\/\/semus.pmsaraguaia.pa.gov.br\/?p=1955","title":{"rendered":"&#8220;O Dia Internacional da Mulher \u00e9 mais do que uma data; \u00e9 um lembrete poderoso da for\u00e7a extraordin\u00e1ria, resili\u00eancia e contribui\u00e7\u00f5es das mulheres em todas as \u00e1reas da vida."},"content":{"rendered":"\n<p>No dia 08 de mar\u00e7o, a Secretaria Municipal de Sa\u00fade, em nome da Secret\u00e1ria Kelly Conti, presta uma homenagem a todas as mulheres de Santana do Araguaia.<\/p>\n\n\n\n<p>\u00c9 um momento de celebrar as conquistas hist\u00f3ricas e o compromisso com a dignidade, o respeito e a igualdade. Sejam como m\u00e3es, esposas, donas de casa, profissionais, cada mulher traz consigo uma resili\u00eancia capaz de moldar o mundo ao nosso redor. Que este dia seja uma celebra\u00e7\u00e3o da poderosa e inspiradora feminilidade. Que a sua for\u00e7a inspire e transforme o mundo ao seu redor. Parab\u00e9ns, mulheres, pelo seu dia!&#8221; ?<\/p>\n\n\n\n<figure class=\"wp-block-image size-large\"><img loading=\"lazy\" decoding=\"async\" width=\"819\" height=\"1024\" src=\"https:\/\/semus.pmsaraguaia.pa.gov.br\/wp-content\/uploads\/2024\/03\/WhatsApp-Image-2024-03-08-at-09.55.29-819x1024.jpeg\" alt=\"\" class=\"wp-image-1957\" srcset=\"https:\/\/semus.pmsaraguaia.pa.gov.br\/wp-content\/uploads\/2024\/03\/WhatsApp-Image-2024-03-08-at-09.55.29-819x1024.jpeg 819w, https:\/\/semus.pmsaraguaia.pa.gov.br\/wp-content\/uploads\/2024\/03\/WhatsApp-Image-2024-03-08-at-09.55.29-240x300.jpeg 240w, https:\/\/semus.pmsaraguaia.pa.gov.br\/wp-content\/uploads\/2024\/03\/WhatsApp-Image-2024-03-08-at-09.55.29-768x960.jpeg 768w, https:\/\/semus.pmsaraguaia.pa.gov.br\/wp-content\/uploads\/2024\/03\/WhatsApp-Image-2024-03-08-at-09.55.29.jpeg 1080w\" sizes=\"(max-width: 819px) 100vw, 819px\" \/><\/figure>\n","protected":false},"excerpt":{"rendered":"<p>No dia 08 de mar\u00e7o, a Secretaria Municipal de Sa\u00fade, em nome da Secret\u00e1ria Kelly Conti, presta uma homenagem a todas as mulheres de Santana do Araguaia. \u00c9 um momento de celebrar as conquistas hist\u00f3ricas e o compromisso com a dignidade, o respeito e a igualdade. Sejam como m\u00e3es, esposas, donas de casa, profissionais, cada &hellip;<\/p>\n","protected":false},"author":3,"featured_media":1957,"comment_status":"open","ping_status":"open","sticky":false,"template":"","format":"standard","meta":{"footnotes":""},"categories":[1],"tags":[],"_links":{"self":[{"href":"https:\/\/semus.pmsaraguaia.pa.gov.br\/index.php?rest_route=\/wp\/v2\/posts\/1955"}],"collection":[{"href":"https:\/\/semus.pmsaraguaia.pa.gov.br\/index.php?rest_route=\/wp\/v2\/posts"}],"about":[{"href":"https:\/\/semus.pmsaraguaia.pa.gov.br\/index.php?rest_route=\/wp\/v2\/types\/post"}],"author":[{"embeddable":true,"href":"https:\/\/semus.pmsaraguaia.pa.gov.br\/index.php?rest_route=\/wp\/v2\/users\/3"}],"replies":[{"embeddable":true,"href":"https:\/\/semus.pmsaraguaia.pa.gov.br\/index.php?rest_route=%2Fwp%2Fv2%2Fcomments&post=1955"}],"version-history":[{"count":1,"href":"https:\/\/semus.pmsaraguaia.pa.gov.br\/index.php?rest_route=\/wp\/v2\/posts\/1955\/revisions"}],"predecessor-version":[{"id":1958,"href":"https:\/\/semus.pmsaraguaia.pa.gov.br\/index.php?rest_route=\/wp\/v2\/posts\/1955\/revisions\/1958"}],"wp:featuredmedia":[{"embeddable":true,"href":"https:\/\/semus.pmsaraguaia.pa.gov.br\/index.php?rest_route=\/wp\/v2\/media\/1957"}],"wp:attachment":[{"href":"https:\/\/semus.pmsaraguaia.pa.gov.br\/index.php?rest_route=%2Fwp%2Fv2%2Fmedia&parent=1955"}],"wp:term":[{"taxonomy":"category","embeddable":true,"href":"https:\/\/semus.pmsaraguaia.pa.gov.br\/index.php?rest_route=%2Fwp%2Fv2%2Fcategories&post=1955"},{"taxonomy":"post_tag","embeddable":true,"href":"https:\/\/semus.pmsaraguaia.pa.gov.br\/index.php?rest_route=%2Fwp%2Fv2%2Ftags&post=1955"}],"curies":[{"name":"wp","href":"https:\/\/api.w.org\/{rel}","templated":true}]}}