{"id":1923,"date":"2024-03-01T11:28:47","date_gmt":"2024-03-01T14:28:47","guid":{"rendered":"https:\/\/semus.pmsaraguaia.pa.gov.br\/?p=1923"},"modified":"2024-03-01T11:28:52","modified_gmt":"2024-03-01T14:28:52","slug":"o-cancer-tem-cura-cuide-se-vidas-importam-a-medida-que-chegamos-ao-ultimo-dia-da-campanha-do-mes-de-fevereiro-contra-o-cancer-e-essencial-lembrarmos-que-a-batalha-contra-essa-doenca-nao-se-enc","status":"publish","type":"post","link":"https:\/\/semus.pmsaraguaia.pa.gov.br\/?p=1923","title":{"rendered":"&#8220;O c\u00e2ncer tem cura. Cuide-se. Vidas importam.&#8221; \u00c0 medida que chegamos ao \u00faltimo dia da campanha do m\u00eas de fevereiro contra o c\u00e2ncer, \u00e9 essencial lembrarmos que a batalha contra essa doen\u00e7a n\u00e3o se encerra aqui. ???"},"content":{"rendered":"\n<p>Enquanto encerramos este per\u00edodo dedicado \u00e0 conscientiza\u00e7\u00e3o, \u00e9 importante reconhecer que os cuidados e a preven\u00e7\u00e3o devem continuar sendo prioridades em nossas vidas. A luta contra o c\u00e2ncer \u00e9 uma jornada cont\u00ednua, e nosso compromisso com a sa\u00fade e o bem-estar deve persistir al\u00e9m dos limites temporais de uma campanha. Vamos fortalecer nosso compromisso de promover a sa\u00fade e a preven\u00e7\u00e3o do c\u00e2ncer em todos os momentos.???<\/p>\n\n\n\n<p>&#8220;Vamos unir for\u00e7as para vencer essa doen\u00e7a. Com determina\u00e7\u00e3o e solidariedade, podemos superar o c\u00e2ncer e conquistar uma vida plena e saud\u00e1vel.&#8221; &#8211; Kelly Conti, Secret\u00e1ria de Sa\u00fade.<\/p>\n\n\n\n<figure class=\"wp-block-image size-large\"><img loading=\"lazy\" decoding=\"async\" width=\"1024\" height=\"1024\" src=\"https:\/\/semus.pmsaraguaia.pa.gov.br\/wp-content\/uploads\/2024\/03\/WhatsApp-Image-2024-02-29-at-18.07.59-1024x1024.jpeg\" alt=\"\" class=\"wp-image-1924\" srcset=\"https:\/\/semus.pmsaraguaia.pa.gov.br\/wp-content\/uploads\/2024\/03\/WhatsApp-Image-2024-02-29-at-18.07.59-1024x1024.jpeg 1024w, https:\/\/semus.pmsaraguaia.pa.gov.br\/wp-content\/uploads\/2024\/03\/WhatsApp-Image-2024-02-29-at-18.07.59-300x300.jpeg 300w, https:\/\/semus.pmsaraguaia.pa.gov.br\/wp-content\/uploads\/2024\/03\/WhatsApp-Image-2024-02-29-at-18.07.59-150x150.jpeg 150w, https:\/\/semus.pmsaraguaia.pa.gov.br\/wp-content\/uploads\/2024\/03\/WhatsApp-Image-2024-02-29-at-18.07.59-768x768.jpeg 768w, https:\/\/semus.pmsaraguaia.pa.gov.br\/wp-content\/uploads\/2024\/03\/WhatsApp-Image-2024-02-29-at-18.07.59.jpeg 1181w\" sizes=\"(max-width: 1024px) 100vw, 1024px\" \/><\/figure>\n","protected":false},"excerpt":{"rendered":"<p>Enquanto encerramos este per\u00edodo dedicado \u00e0 conscientiza\u00e7\u00e3o, \u00e9 importante reconhecer que os cuidados e a preven\u00e7\u00e3o devem continuar sendo prioridades em nossas vidas. A luta contra o c\u00e2ncer \u00e9 uma jornada cont\u00ednua, e nosso compromisso com a sa\u00fade e o bem-estar deve persistir al\u00e9m dos limites temporais de uma campanha. Vamos fortalecer nosso compromisso de &hellip;<\/p>\n","protected":false},"author":3,"featured_media":1924,"comment_status":"open","ping_status":"open","sticky":false,"template":"","format":"standard","meta":{"footnotes":""},"categories":[1],"tags":[],"_links":{"self":[{"href":"https:\/\/semus.pmsaraguaia.pa.gov.br\/index.php?rest_route=\/wp\/v2\/posts\/1923"}],"collection":[{"href":"https:\/\/semus.pmsaraguaia.pa.gov.br\/index.php?rest_route=\/wp\/v2\/posts"}],"about":[{"href":"https:\/\/semus.pmsaraguaia.pa.gov.br\/index.php?rest_route=\/wp\/v2\/types\/post"}],"author":[{"embeddable":true,"href":"https:\/\/semus.pmsaraguaia.pa.gov.br\/index.php?rest_route=\/wp\/v2\/users\/3"}],"replies":[{"embeddable":true,"href":"https:\/\/semus.pmsaraguaia.pa.gov.br\/index.php?rest_route=%2Fwp%2Fv2%2Fcomments&post=1923"}],"version-history":[{"count":1,"href":"https:\/\/semus.pmsaraguaia.pa.gov.br\/index.php?rest_route=\/wp\/v2\/posts\/1923\/revisions"}],"predecessor-version":[{"id":1925,"href":"https:\/\/semus.pmsaraguaia.pa.gov.br\/index.php?rest_route=\/wp\/v2\/posts\/1923\/revisions\/1925"}],"wp:featuredmedia":[{"embeddable":true,"href":"https:\/\/semus.pmsaraguaia.pa.gov.br\/index.php?rest_route=\/wp\/v2\/media\/1924"}],"wp:attachment":[{"href":"https:\/\/semus.pmsaraguaia.pa.gov.br\/index.php?rest_route=%2Fwp%2Fv2%2Fmedia&parent=1923"}],"wp:term":[{"taxonomy":"category","embeddable":true,"href":"https:\/\/semus.pmsaraguaia.pa.gov.br\/index.php?rest_route=%2Fwp%2Fv2%2Fcategories&post=1923"},{"taxonomy":"post_tag","embeddable":true,"href":"https:\/\/semus.pmsaraguaia.pa.gov.br\/index.php?rest_route=%2Fwp%2Fv2%2Ftags&post=1923"}],"curies":[{"name":"wp","href":"https:\/\/api.w.org\/{rel}","templated":true}]}}