{"id":1859,"date":"2024-02-19T10:52:46","date_gmt":"2024-02-19T13:52:46","guid":{"rendered":"https:\/\/semus.pmsaraguaia.pa.gov.br\/?p=1859"},"modified":"2024-02-19T10:52:49","modified_gmt":"2024-02-19T13:52:49","slug":"no-dia-do-reporter-e-importante-destacar-a-homenagem-dos-profissionais-da-area-a-importancia-da-saude-os-reporteres-desempenham-um-papel-fundamental-ao-informar-o-publico-sobre-questoes-relacionadas","status":"publish","type":"post","link":"https:\/\/semus.pmsaraguaia.pa.gov.br\/?p=1859","title":{"rendered":"No Dia do Rep\u00f3rter, \u00e9 importante destacar a homenagem dos profissionais da \u00e1rea \u00e0 import\u00e2ncia da sa\u00fade. Os rep\u00f3rteres desempenham um papel fundamental ao informar o p\u00fablico sobre quest\u00f5es relacionadas \u00e0 sa\u00fade, como preven\u00e7\u00e3o de doen\u00e7as, acesso a servi\u00e7os m\u00e9dicos e avan\u00e7os na medicina. Eles contribuem para conscientizar a popula\u00e7\u00e3o sobre a import\u00e2ncia de h\u00e1bitos saud\u00e1veis \u200b\u200be promover debates sobre pol\u00edticas de sa\u00fade. Sua cobertura jornal\u00edstica pode salvar vidas ao educar as pessoas e incentivar a busca por cuidados m\u00e9dicos adequados. Portanto, nesta data, reconhecemos n\u00e3o apenas seu trabalho incans\u00e1vel, mas tamb\u00e9m sua contribui\u00e7\u00e3o vital para a promo\u00e7\u00e3o do bem-estar e da qualidade de vida."},"content":{"rendered":"\n<p>&#8220;No Dia do Rep\u00f3rter, reconhecemos o empenho desses profissionais em comunicar e inspirar a busca pela sa\u00fade em todas as suas dimens\u00f5es.&#8221;<\/p>\n\n\n\n<figure class=\"wp-block-image size-large\"><img loading=\"lazy\" decoding=\"async\" width=\"1024\" height=\"1024\" src=\"https:\/\/semus.pmsaraguaia.pa.gov.br\/wp-content\/uploads\/2024\/02\/WhatsApp-Image-2024-02-16-at-16.36.17-1024x1024.jpeg\" alt=\"\" class=\"wp-image-1860\" srcset=\"https:\/\/semus.pmsaraguaia.pa.gov.br\/wp-content\/uploads\/2024\/02\/WhatsApp-Image-2024-02-16-at-16.36.17-1024x1024.jpeg 1024w, https:\/\/semus.pmsaraguaia.pa.gov.br\/wp-content\/uploads\/2024\/02\/WhatsApp-Image-2024-02-16-at-16.36.17-300x300.jpeg 300w, https:\/\/semus.pmsaraguaia.pa.gov.br\/wp-content\/uploads\/2024\/02\/WhatsApp-Image-2024-02-16-at-16.36.17-150x150.jpeg 150w, https:\/\/semus.pmsaraguaia.pa.gov.br\/wp-content\/uploads\/2024\/02\/WhatsApp-Image-2024-02-16-at-16.36.17-768x768.jpeg 768w, https:\/\/semus.pmsaraguaia.pa.gov.br\/wp-content\/uploads\/2024\/02\/WhatsApp-Image-2024-02-16-at-16.36.17.jpeg 1181w\" sizes=\"(max-width: 1024px) 100vw, 1024px\" \/><\/figure>\n","protected":false},"excerpt":{"rendered":"<p>&#8220;No Dia do Rep\u00f3rter, reconhecemos o empenho desses profissionais em comunicar e inspirar a busca pela sa\u00fade em todas as suas dimens\u00f5es.&#8221;<\/p>\n","protected":false},"author":3,"featured_media":1860,"comment_status":"open","ping_status":"open","sticky":false,"template":"","format":"standard","meta":{"footnotes":""},"categories":[1],"tags":[],"_links":{"self":[{"href":"https:\/\/semus.pmsaraguaia.pa.gov.br\/index.php?rest_route=\/wp\/v2\/posts\/1859"}],"collection":[{"href":"https:\/\/semus.pmsaraguaia.pa.gov.br\/index.php?rest_route=\/wp\/v2\/posts"}],"about":[{"href":"https:\/\/semus.pmsaraguaia.pa.gov.br\/index.php?rest_route=\/wp\/v2\/types\/post"}],"author":[{"embeddable":true,"href":"https:\/\/semus.pmsaraguaia.pa.gov.br\/index.php?rest_route=\/wp\/v2\/users\/3"}],"replies":[{"embeddable":true,"href":"https:\/\/semus.pmsaraguaia.pa.gov.br\/index.php?rest_route=%2Fwp%2Fv2%2Fcomments&post=1859"}],"version-history":[{"count":1,"href":"https:\/\/semus.pmsaraguaia.pa.gov.br\/index.php?rest_route=\/wp\/v2\/posts\/1859\/revisions"}],"predecessor-version":[{"id":1861,"href":"https:\/\/semus.pmsaraguaia.pa.gov.br\/index.php?rest_route=\/wp\/v2\/posts\/1859\/revisions\/1861"}],"wp:featuredmedia":[{"embeddable":true,"href":"https:\/\/semus.pmsaraguaia.pa.gov.br\/index.php?rest_route=\/wp\/v2\/media\/1860"}],"wp:attachment":[{"href":"https:\/\/semus.pmsaraguaia.pa.gov.br\/index.php?rest_route=%2Fwp%2Fv2%2Fmedia&parent=1859"}],"wp:term":[{"taxonomy":"category","embeddable":true,"href":"https:\/\/semus.pmsaraguaia.pa.gov.br\/index.php?rest_route=%2Fwp%2Fv2%2Fcategories&post=1859"},{"taxonomy":"post_tag","embeddable":true,"href":"https:\/\/semus.pmsaraguaia.pa.gov.br\/index.php?rest_route=%2Fwp%2Fv2%2Ftags&post=1859"}],"curies":[{"name":"wp","href":"https:\/\/api.w.org\/{rel}","templated":true}]}}