{"id":1844,"date":"2024-02-16T10:30:31","date_gmt":"2024-02-16T13:30:31","guid":{"rendered":"https:\/\/semus.pmsaraguaia.pa.gov.br\/?p=1844"},"modified":"2024-02-16T10:30:35","modified_gmt":"2024-02-16T13:30:35","slug":"em-santana-do-araguaia-registramos-casos-de-covid-19-queremos-garantir-a-comunidade-que-a-situacao-esta-sob-controle-com-a-proximidade-do-carnaval-e-fundamental-enfatizar-a-importancia-de-redobr","status":"publish","type":"post","link":"https:\/\/semus.pmsaraguaia.pa.gov.br\/?p=1844","title":{"rendered":"&#8220;Em Santana do Araguaia, registramos casos de COVID-19. Queremos garantir \u00e0 comunidade que a situa\u00e7\u00e3o est\u00e1 sob controle. Com a proximidade do Carnaval, \u00e9 fundamental enfatizar a import\u00e2ncia de redobrar os cuidados. Todos os postos de sa\u00fade est\u00e3o equipados com vacinas e oferecem atendimento m\u00e9dico gratuito, incluindo exames para COVID-19. Se necess\u00e1rio, procure as unidades b\u00e1sicas de sa\u00fade para receber assist\u00eancia adequada. Neste Carnaval, cuide bem de si mesmo e da sua sa\u00fade.&#8221;"},"content":{"rendered":"\n<p>&#8220;Priorizar a vida \u00e9 nossa maior festa. Cuide-se, proteja-se neste Carnaval.&#8221; &#8211; Kelly Conti, Secret\u00e1ria de Sa\u00fade de Santana do Araguaia.<\/p>\n\n\n\n<p>Proteja-se! ??<\/p>\n\n\n\n<figure class=\"wp-block-video\"><video controls src=\"https:\/\/semus.pmsaraguaia.pa.gov.br\/wp-content\/uploads\/2024\/02\/WhatsApp-Video-2024-02-16-at-10.04.00-1.mp4\"><\/video><\/figure>\n\n\n\n<figure class=\"wp-block-video\"><video controls src=\"https:\/\/semus.pmsaraguaia.pa.gov.br\/wp-content\/uploads\/2024\/02\/WhatsApp-Video-2024-02-16-at-10.04.22.mp4\"><\/video><\/figure>\n","protected":false},"excerpt":{"rendered":"<p>&#8220;Priorizar a vida \u00e9 nossa maior festa. Cuide-se, proteja-se neste Carnaval.&#8221; &#8211; Kelly Conti, Secret\u00e1ria de Sa\u00fade de Santana do Araguaia. Proteja-se! ??<\/p>\n","protected":false},"author":3,"featured_media":1848,"comment_status":"open","ping_status":"open","sticky":false,"template":"","format":"standard","meta":{"footnotes":""},"categories":[1],"tags":[],"_links":{"self":[{"href":"https:\/\/semus.pmsaraguaia.pa.gov.br\/index.php?rest_route=\/wp\/v2\/posts\/1844"}],"collection":[{"href":"https:\/\/semus.pmsaraguaia.pa.gov.br\/index.php?rest_route=\/wp\/v2\/posts"}],"about":[{"href":"https:\/\/semus.pmsaraguaia.pa.gov.br\/index.php?rest_route=\/wp\/v2\/types\/post"}],"author":[{"embeddable":true,"href":"https:\/\/semus.pmsaraguaia.pa.gov.br\/index.php?rest_route=\/wp\/v2\/users\/3"}],"replies":[{"embeddable":true,"href":"https:\/\/semus.pmsaraguaia.pa.gov.br\/index.php?rest_route=%2Fwp%2Fv2%2Fcomments&post=1844"}],"version-history":[{"count":1,"href":"https:\/\/semus.pmsaraguaia.pa.gov.br\/index.php?rest_route=\/wp\/v2\/posts\/1844\/revisions"}],"predecessor-version":[{"id":1849,"href":"https:\/\/semus.pmsaraguaia.pa.gov.br\/index.php?rest_route=\/wp\/v2\/posts\/1844\/revisions\/1849"}],"wp:featuredmedia":[{"embeddable":true,"href":"https:\/\/semus.pmsaraguaia.pa.gov.br\/index.php?rest_route=\/wp\/v2\/media\/1848"}],"wp:attachment":[{"href":"https:\/\/semus.pmsaraguaia.pa.gov.br\/index.php?rest_route=%2Fwp%2Fv2%2Fmedia&parent=1844"}],"wp:term":[{"taxonomy":"category","embeddable":true,"href":"https:\/\/semus.pmsaraguaia.pa.gov.br\/index.php?rest_route=%2Fwp%2Fv2%2Fcategories&post=1844"},{"taxonomy":"post_tag","embeddable":true,"href":"https:\/\/semus.pmsaraguaia.pa.gov.br\/index.php?rest_route=%2Fwp%2Fv2%2Ftags&post=1844"}],"curies":[{"name":"wp","href":"https:\/\/api.w.org\/{rel}","templated":true}]}}