{"id":1828,"date":"2024-02-16T09:26:57","date_gmt":"2024-02-16T12:26:57","guid":{"rendered":"https:\/\/semus.pmsaraguaia.pa.gov.br\/?p=1828"},"modified":"2024-02-16T09:27:01","modified_gmt":"2024-02-16T12:27:01","slug":"%f0%9f%92%9b%f0%9f%8e%97%ef%b8%8f-no-dia-internacional-da-luta-contra-o-cancer-infantil-em-15-de-fevereiro-direcionamos-nossa-atencao-para-uma-causa-essencial-esta-data-e-uma-oportunidade-para-reco","status":"publish","type":"post","link":"https:\/\/semus.pmsaraguaia.pa.gov.br\/?p=1828","title":{"rendered":"??\ufe0f No Dia Internacional da Luta contra o C\u00e2ncer Infantil, em 15 de fevereiro, direcionamos nossa aten\u00e7\u00e3o para uma causa essencial. Esta data \u00e9 uma oportunidade para reconhecer a resili\u00eancia das crian\u00e7as que enfrentam o c\u00e2ncer e para destacar o trabalho realizado por toda a equipe de sa\u00fade nessa jornada desafiadora. Ao oferecer suporte emocional, assist\u00eancia m\u00e9dica especializada e recursos necess\u00e1rios, esses profissionais desempenham um papel vital no aux\u00edlio \u00e0s crian\u00e7as em sua jornada de cura e supera\u00e7\u00e3o. Neste dia, renovamos nosso compromisso em apoiar as crian\u00e7as e suas fam\u00edlias, enquanto buscamos constantemente solu\u00e7\u00f5es melhores e mais eficazes."},"content":{"rendered":"\n<p>&#8220;A Secretaria de Sa\u00fade, com Kelly Conti, est\u00e1 ao lado das crian\u00e7as com c\u00e2ncer, oferecendo todo apoio, incentivando-as a nunca desistirem e transmitindo for\u00e7a para suas fam\u00edlias enfrentarem juntas essa batalha.&#8221;<\/p>\n\n\n\n<figure class=\"wp-block-image size-large\"><img loading=\"lazy\" decoding=\"async\" width=\"1024\" height=\"1024\" src=\"https:\/\/semus.pmsaraguaia.pa.gov.br\/wp-content\/uploads\/2024\/02\/WhatsApp-Image-2024-02-15-at-12.39.56-1024x1024.jpeg\" alt=\"\" class=\"wp-image-1829\" srcset=\"https:\/\/semus.pmsaraguaia.pa.gov.br\/wp-content\/uploads\/2024\/02\/WhatsApp-Image-2024-02-15-at-12.39.56-1024x1024.jpeg 1024w, https:\/\/semus.pmsaraguaia.pa.gov.br\/wp-content\/uploads\/2024\/02\/WhatsApp-Image-2024-02-15-at-12.39.56-300x300.jpeg 300w, https:\/\/semus.pmsaraguaia.pa.gov.br\/wp-content\/uploads\/2024\/02\/WhatsApp-Image-2024-02-15-at-12.39.56-150x150.jpeg 150w, https:\/\/semus.pmsaraguaia.pa.gov.br\/wp-content\/uploads\/2024\/02\/WhatsApp-Image-2024-02-15-at-12.39.56-768x768.jpeg 768w, https:\/\/semus.pmsaraguaia.pa.gov.br\/wp-content\/uploads\/2024\/02\/WhatsApp-Image-2024-02-15-at-12.39.56.jpeg 1181w\" sizes=\"(max-width: 1024px) 100vw, 1024px\" \/><\/figure>\n","protected":false},"excerpt":{"rendered":"<p>&#8220;A Secretaria de Sa\u00fade, com Kelly Conti, est\u00e1 ao lado das crian\u00e7as com c\u00e2ncer, oferecendo todo apoio, incentivando-as a nunca desistirem e transmitindo for\u00e7a para suas fam\u00edlias enfrentarem juntas essa batalha.&#8221;<\/p>\n","protected":false},"author":3,"featured_media":1829,"comment_status":"open","ping_status":"open","sticky":false,"template":"","format":"standard","meta":{"footnotes":""},"categories":[1],"tags":[],"_links":{"self":[{"href":"https:\/\/semus.pmsaraguaia.pa.gov.br\/index.php?rest_route=\/wp\/v2\/posts\/1828"}],"collection":[{"href":"https:\/\/semus.pmsaraguaia.pa.gov.br\/index.php?rest_route=\/wp\/v2\/posts"}],"about":[{"href":"https:\/\/semus.pmsaraguaia.pa.gov.br\/index.php?rest_route=\/wp\/v2\/types\/post"}],"author":[{"embeddable":true,"href":"https:\/\/semus.pmsaraguaia.pa.gov.br\/index.php?rest_route=\/wp\/v2\/users\/3"}],"replies":[{"embeddable":true,"href":"https:\/\/semus.pmsaraguaia.pa.gov.br\/index.php?rest_route=%2Fwp%2Fv2%2Fcomments&post=1828"}],"version-history":[{"count":1,"href":"https:\/\/semus.pmsaraguaia.pa.gov.br\/index.php?rest_route=\/wp\/v2\/posts\/1828\/revisions"}],"predecessor-version":[{"id":1830,"href":"https:\/\/semus.pmsaraguaia.pa.gov.br\/index.php?rest_route=\/wp\/v2\/posts\/1828\/revisions\/1830"}],"wp:featuredmedia":[{"embeddable":true,"href":"https:\/\/semus.pmsaraguaia.pa.gov.br\/index.php?rest_route=\/wp\/v2\/media\/1829"}],"wp:attachment":[{"href":"https:\/\/semus.pmsaraguaia.pa.gov.br\/index.php?rest_route=%2Fwp%2Fv2%2Fmedia&parent=1828"}],"wp:term":[{"taxonomy":"category","embeddable":true,"href":"https:\/\/semus.pmsaraguaia.pa.gov.br\/index.php?rest_route=%2Fwp%2Fv2%2Fcategories&post=1828"},{"taxonomy":"post_tag","embeddable":true,"href":"https:\/\/semus.pmsaraguaia.pa.gov.br\/index.php?rest_route=%2Fwp%2Fv2%2Ftags&post=1828"}],"curies":[{"name":"wp","href":"https:\/\/api.w.org\/{rel}","templated":true}]}}