{"id":1777,"date":"2024-02-05T09:33:19","date_gmt":"2024-02-05T12:33:19","guid":{"rendered":"https:\/\/semus.pmsaraguaia.pa.gov.br\/?p=1777"},"modified":"2024-02-05T09:33:23","modified_gmt":"2024-02-05T12:33:23","slug":"fevereiro-roxo-unidos-na-luta-contra-as-doencas-invisiveis-%f0%9f%92%9c%f0%9f%92%9f","status":"publish","type":"post","link":"https:\/\/semus.pmsaraguaia.pa.gov.br\/?p=1777","title":{"rendered":"Fevereiro Roxo: Unidos na Luta Contra as Doen\u00e7as Invis\u00edveis ??"},"content":{"rendered":"\n<p>Fevereiro Roxo \u00e9 um momento de conscientiza\u00e7\u00e3o e solidariedade, onde destacamos as batalhas silenciosas enfrentadas por milh\u00f5es de pessoas ao redor do mundo. Das doen\u00e7as neurodegenerativas, como Alzheimer, \u00e0s condi\u00e7\u00f5es autoimunes, como l\u00fapus, fibromialgia, este m\u00eas nos convida a levantar nossas vozes e compartilhar conhecimento sobre essas doen\u00e7as muitas vezes invis\u00edveis.<\/p>\n\n\n\n<p>\u00c9 uma oportunidade para unirmos for\u00e7as, oferecermos apoio m\u00fatuo e promovermos a compreens\u00e3o e a empatia. Que neste Fevereiro Roxo, possamos estar juntos na luta contra essas doen\u00e7as, inspirando esperan\u00e7a e avan\u00e7ando rumo a um futuro mais saud\u00e1vel para todos.<\/p>\n\n\n\n<figure class=\"wp-block-image size-large\"><img loading=\"lazy\" decoding=\"async\" width=\"1024\" height=\"1024\" src=\"https:\/\/semus.pmsaraguaia.pa.gov.br\/wp-content\/uploads\/2024\/02\/WhatsApp-Image-2024-02-03-at-13.13.46-1024x1024.jpeg\" alt=\"\" class=\"wp-image-1778\" srcset=\"https:\/\/semus.pmsaraguaia.pa.gov.br\/wp-content\/uploads\/2024\/02\/WhatsApp-Image-2024-02-03-at-13.13.46-1024x1024.jpeg 1024w, https:\/\/semus.pmsaraguaia.pa.gov.br\/wp-content\/uploads\/2024\/02\/WhatsApp-Image-2024-02-03-at-13.13.46-300x300.jpeg 300w, https:\/\/semus.pmsaraguaia.pa.gov.br\/wp-content\/uploads\/2024\/02\/WhatsApp-Image-2024-02-03-at-13.13.46-150x150.jpeg 150w, https:\/\/semus.pmsaraguaia.pa.gov.br\/wp-content\/uploads\/2024\/02\/WhatsApp-Image-2024-02-03-at-13.13.46-768x768.jpeg 768w, https:\/\/semus.pmsaraguaia.pa.gov.br\/wp-content\/uploads\/2024\/02\/WhatsApp-Image-2024-02-03-at-13.13.46.jpeg 1080w\" sizes=\"(max-width: 1024px) 100vw, 1024px\" \/><\/figure>\n","protected":false},"excerpt":{"rendered":"<p>Fevereiro Roxo \u00e9 um momento de conscientiza\u00e7\u00e3o e solidariedade, onde destacamos as batalhas silenciosas enfrentadas por milh\u00f5es de pessoas ao redor do mundo. Das doen\u00e7as neurodegenerativas, como Alzheimer, \u00e0s condi\u00e7\u00f5es autoimunes, como l\u00fapus, fibromialgia, este m\u00eas nos convida a levantar nossas vozes e compartilhar conhecimento sobre essas doen\u00e7as muitas vezes invis\u00edveis. \u00c9 uma oportunidade para &hellip;<\/p>\n","protected":false},"author":3,"featured_media":1778,"comment_status":"open","ping_status":"open","sticky":false,"template":"","format":"standard","meta":{"footnotes":""},"categories":[1],"tags":[],"_links":{"self":[{"href":"https:\/\/semus.pmsaraguaia.pa.gov.br\/index.php?rest_route=\/wp\/v2\/posts\/1777"}],"collection":[{"href":"https:\/\/semus.pmsaraguaia.pa.gov.br\/index.php?rest_route=\/wp\/v2\/posts"}],"about":[{"href":"https:\/\/semus.pmsaraguaia.pa.gov.br\/index.php?rest_route=\/wp\/v2\/types\/post"}],"author":[{"embeddable":true,"href":"https:\/\/semus.pmsaraguaia.pa.gov.br\/index.php?rest_route=\/wp\/v2\/users\/3"}],"replies":[{"embeddable":true,"href":"https:\/\/semus.pmsaraguaia.pa.gov.br\/index.php?rest_route=%2Fwp%2Fv2%2Fcomments&post=1777"}],"version-history":[{"count":1,"href":"https:\/\/semus.pmsaraguaia.pa.gov.br\/index.php?rest_route=\/wp\/v2\/posts\/1777\/revisions"}],"predecessor-version":[{"id":1779,"href":"https:\/\/semus.pmsaraguaia.pa.gov.br\/index.php?rest_route=\/wp\/v2\/posts\/1777\/revisions\/1779"}],"wp:featuredmedia":[{"embeddable":true,"href":"https:\/\/semus.pmsaraguaia.pa.gov.br\/index.php?rest_route=\/wp\/v2\/media\/1778"}],"wp:attachment":[{"href":"https:\/\/semus.pmsaraguaia.pa.gov.br\/index.php?rest_route=%2Fwp%2Fv2%2Fmedia&parent=1777"}],"wp:term":[{"taxonomy":"category","embeddable":true,"href":"https:\/\/semus.pmsaraguaia.pa.gov.br\/index.php?rest_route=%2Fwp%2Fv2%2Fcategories&post=1777"},{"taxonomy":"post_tag","embeddable":true,"href":"https:\/\/semus.pmsaraguaia.pa.gov.br\/index.php?rest_route=%2Fwp%2Fv2%2Ftags&post=1777"}],"curies":[{"name":"wp","href":"https:\/\/api.w.org\/{rel}","templated":true}]}}