{"id":1773,"date":"2024-02-05T09:29:23","date_gmt":"2024-02-05T12:29:23","guid":{"rendered":"https:\/\/semus.pmsaraguaia.pa.gov.br\/?p=1773"},"modified":"2024-02-05T09:29:28","modified_gmt":"2024-02-05T12:29:28","slug":"na-esf-sao-jose-hoje-em-02-de-fevereiro-a-dra-fernanda-bocchi-liderou-atendimentos-odontologicos-direcionados-as-criancas-destacando-a-importancia-do-cuidado-bucal-precoce-para-garantir-um-futuro","status":"publish","type":"post","link":"https:\/\/semus.pmsaraguaia.pa.gov.br\/?p=1773","title":{"rendered":"Na ESF S\u00e3o Jos\u00e9, hoje, em 02 de fevereiro, a Dra. Fernanda Bocchi liderou atendimentos odontol\u00f3gicos direcionados \u00e0s crian\u00e7as, destacando a import\u00e2ncia do cuidado bucal precoce para garantir um futuro saud\u00e1vel e radiante. Cuidar da sa\u00fade bucal desde a inf\u00e2ncia n\u00e3o apenas promove sorrisos bonitos, mas tamb\u00e9m contribui para o desenvolvimento saud\u00e1vel dos dentes e gengivas, influenciando positivamente na fala, nutri\u00e7\u00e3o e autoestima das crian\u00e7as."},"content":{"rendered":"\n<p>&#8220;O compromisso constante da Secret\u00e1ria de Sa\u00fade Kelly Conti e de toda a equipe de sa\u00fade de Santana do Araguaia, sempre presente em cada a\u00e7\u00e3o, incluindo o cuidado com a sa\u00fade bucal, \u00e9 um verdadeiro trabalho de harmonia, guiado pela busca do equil\u00edbrio e bem-estar das crian\u00e7as e comunidade santanense.&#8221; ????\u200d\u2695\ufe0f??<\/p>\n\n\n\n<figure class=\"wp-block-video\"><video controls src=\"https:\/\/semus.pmsaraguaia.pa.gov.br\/wp-content\/uploads\/2024\/02\/WhatsApp-Video-2024-02-02-at-19.08.43-1.mp4\"><\/video><\/figure>\n","protected":false},"excerpt":{"rendered":"<p>&#8220;O compromisso constante da Secret\u00e1ria de Sa\u00fade Kelly Conti e de toda a equipe de sa\u00fade de Santana do Araguaia, sempre presente em cada a\u00e7\u00e3o, incluindo o cuidado com a sa\u00fade bucal, \u00e9 um verdadeiro trabalho de harmonia, guiado pela busca do equil\u00edbrio e bem-estar das crian\u00e7as e comunidade santanense.&#8221; ????\u200d\u2695\ufe0f??<\/p>\n","protected":false},"author":3,"featured_media":1775,"comment_status":"open","ping_status":"open","sticky":false,"template":"","format":"standard","meta":{"footnotes":""},"categories":[1],"tags":[],"_links":{"self":[{"href":"https:\/\/semus.pmsaraguaia.pa.gov.br\/index.php?rest_route=\/wp\/v2\/posts\/1773"}],"collection":[{"href":"https:\/\/semus.pmsaraguaia.pa.gov.br\/index.php?rest_route=\/wp\/v2\/posts"}],"about":[{"href":"https:\/\/semus.pmsaraguaia.pa.gov.br\/index.php?rest_route=\/wp\/v2\/types\/post"}],"author":[{"embeddable":true,"href":"https:\/\/semus.pmsaraguaia.pa.gov.br\/index.php?rest_route=\/wp\/v2\/users\/3"}],"replies":[{"embeddable":true,"href":"https:\/\/semus.pmsaraguaia.pa.gov.br\/index.php?rest_route=%2Fwp%2Fv2%2Fcomments&post=1773"}],"version-history":[{"count":1,"href":"https:\/\/semus.pmsaraguaia.pa.gov.br\/index.php?rest_route=\/wp\/v2\/posts\/1773\/revisions"}],"predecessor-version":[{"id":1776,"href":"https:\/\/semus.pmsaraguaia.pa.gov.br\/index.php?rest_route=\/wp\/v2\/posts\/1773\/revisions\/1776"}],"wp:featuredmedia":[{"embeddable":true,"href":"https:\/\/semus.pmsaraguaia.pa.gov.br\/index.php?rest_route=\/wp\/v2\/media\/1775"}],"wp:attachment":[{"href":"https:\/\/semus.pmsaraguaia.pa.gov.br\/index.php?rest_route=%2Fwp%2Fv2%2Fmedia&parent=1773"}],"wp:term":[{"taxonomy":"category","embeddable":true,"href":"https:\/\/semus.pmsaraguaia.pa.gov.br\/index.php?rest_route=%2Fwp%2Fv2%2Fcategories&post=1773"},{"taxonomy":"post_tag","embeddable":true,"href":"https:\/\/semus.pmsaraguaia.pa.gov.br\/index.php?rest_route=%2Fwp%2Fv2%2Ftags&post=1773"}],"curies":[{"name":"wp","href":"https:\/\/api.w.org\/{rel}","templated":true}]}}