{"id":1717,"date":"2024-01-22T11:51:55","date_gmt":"2024-01-22T14:51:55","guid":{"rendered":"https:\/\/semus.pmsaraguaia.pa.gov.br\/?p=1717"},"modified":"2024-01-22T11:51:58","modified_gmt":"2024-01-22T14:51:58","slug":"a-secretaria-municipal-de-saude-atraves-da-esf-irma-renee-jeanne-delorme-reforca-seu-compromisso-ao-oferecer-atendimentos-odontologicos-em-barreira-dos-campos-distrito-local-com-servicos-abrangent","status":"publish","type":"post","link":"https:\/\/semus.pmsaraguaia.pa.gov.br\/?p=1717","title":{"rendered":"A Secretaria Municipal de Sa\u00fade, atrav\u00e9s da ESF Irm\u00e3 Ren\u00e9e Jeanne Delorme, refor\u00e7a seu compromisso ao oferecer atendimentos odontol\u00f3gicos em Barreira dos Campos, distrito local. Com servi\u00e7os abrangentes, como extra\u00e7\u00f5es dent\u00e1rias, restaura\u00e7\u00f5es e limpeza bucal, as consultas est\u00e3o dispon\u00edveis nas segundas e ter\u00e7as-feiras. Nosso objetivo \u00e9 proporcionar cuidados de excel\u00eancia para a sa\u00fade bucal da comunidade. Agende sua consulta e vivencie os benef\u00edcios de um atendimento odontol\u00f3gico completo. Ressaltamos: a manuten\u00e7\u00e3o da sa\u00fade bucal \u00e9 fundamental para alcan\u00e7ar um estado de sa\u00fade pleno e duradouro"},"content":{"rendered":"\n<p>&#8220;Kelly Conti, Secret\u00e1ria de Sa\u00fade, destaca o cuidado especial da sa\u00fade bucal. Agende suas consultas, adote h\u00e1bitos saud\u00e1veis e proporcione \u00e0 sua vida a aten\u00e7\u00e3o que ela merece. Sua sa\u00fade \u00e9 uma prioridade!&#8221; \u2764\ufe0f<\/p>\n\n\n\n<p>Fonte: Secretaria de Sa\u00fade (SEMUS) ??<\/p>\n\n\n\n<figure class=\"wp-block-video\"><video controls src=\"https:\/\/semus.pmsaraguaia.pa.gov.br\/wp-content\/uploads\/2024\/01\/WhatsApp-Video-2024-01-17-at-18.17.30.mp4\"><\/video><\/figure>\n","protected":false},"excerpt":{"rendered":"<p>&#8220;Kelly Conti, Secret\u00e1ria de Sa\u00fade, destaca o cuidado especial da sa\u00fade bucal. Agende suas consultas, adote h\u00e1bitos saud\u00e1veis e proporcione \u00e0 sua vida a aten\u00e7\u00e3o que ela merece. Sua sa\u00fade \u00e9 uma prioridade!&#8221; \u2764\ufe0f Fonte: Secretaria de Sa\u00fade (SEMUS) ??<\/p>\n","protected":false},"author":3,"featured_media":1719,"comment_status":"open","ping_status":"open","sticky":false,"template":"","format":"standard","meta":{"footnotes":""},"categories":[1],"tags":[],"_links":{"self":[{"href":"https:\/\/semus.pmsaraguaia.pa.gov.br\/index.php?rest_route=\/wp\/v2\/posts\/1717"}],"collection":[{"href":"https:\/\/semus.pmsaraguaia.pa.gov.br\/index.php?rest_route=\/wp\/v2\/posts"}],"about":[{"href":"https:\/\/semus.pmsaraguaia.pa.gov.br\/index.php?rest_route=\/wp\/v2\/types\/post"}],"author":[{"embeddable":true,"href":"https:\/\/semus.pmsaraguaia.pa.gov.br\/index.php?rest_route=\/wp\/v2\/users\/3"}],"replies":[{"embeddable":true,"href":"https:\/\/semus.pmsaraguaia.pa.gov.br\/index.php?rest_route=%2Fwp%2Fv2%2Fcomments&post=1717"}],"version-history":[{"count":1,"href":"https:\/\/semus.pmsaraguaia.pa.gov.br\/index.php?rest_route=\/wp\/v2\/posts\/1717\/revisions"}],"predecessor-version":[{"id":1720,"href":"https:\/\/semus.pmsaraguaia.pa.gov.br\/index.php?rest_route=\/wp\/v2\/posts\/1717\/revisions\/1720"}],"wp:featuredmedia":[{"embeddable":true,"href":"https:\/\/semus.pmsaraguaia.pa.gov.br\/index.php?rest_route=\/wp\/v2\/media\/1719"}],"wp:attachment":[{"href":"https:\/\/semus.pmsaraguaia.pa.gov.br\/index.php?rest_route=%2Fwp%2Fv2%2Fmedia&parent=1717"}],"wp:term":[{"taxonomy":"category","embeddable":true,"href":"https:\/\/semus.pmsaraguaia.pa.gov.br\/index.php?rest_route=%2Fwp%2Fv2%2Fcategories&post=1717"},{"taxonomy":"post_tag","embeddable":true,"href":"https:\/\/semus.pmsaraguaia.pa.gov.br\/index.php?rest_route=%2Fwp%2Fv2%2Ftags&post=1717"}],"curies":[{"name":"wp","href":"https:\/\/api.w.org\/{rel}","templated":true}]}}