{"id":1702,"date":"2024-01-17T10:35:50","date_gmt":"2024-01-17T13:35:50","guid":{"rendered":"https:\/\/semus.pmsaraguaia.pa.gov.br\/?p=1702"},"modified":"2024-01-17T10:35:54","modified_gmt":"2024-01-17T13:35:54","slug":"em-janeiro-branco-convidamos-todos-a-serem-farois-de-esperanca-na-vida-de-alguem-seja-a-ponte-que-conecta-o-ombro-que-acolhe-ou-simplesmente-a-escuta-atenta-que-oferece-alivio-ajudar-o-proximo-na","status":"publish","type":"post","link":"https:\/\/semus.pmsaraguaia.pa.gov.br\/?p=1702","title":{"rendered":"Em Janeiro Branco, convidamos todos a serem far\u00f3is de esperan\u00e7a na vida de algu\u00e9m. Seja a ponte que conecta, o ombro que acolhe, ou simplesmente a escuta atenta que oferece al\u00edvio. Ajudar o pr\u00f3ximo na jornada da sa\u00fade mental \u00e9 mais do que um gesto, \u00e9 um ato transformador."},"content":{"rendered":"\n<p>Vamos estender a m\u00e3o, quebrar barreiras, e lembrar que juntos somos mais fortes. Que este m\u00eas seja n\u00e3o apenas sobre conscientiza\u00e7\u00e3o, mas tamb\u00e9m sobre a\u00e7\u00e3o solid\u00e1ria. #JaneiroBranco #CuidadoComOOutro ??<\/p>\n\n\n\n<figure class=\"wp-block-image size-large\"><img loading=\"lazy\" decoding=\"async\" width=\"1024\" height=\"1024\" src=\"https:\/\/semus.pmsaraguaia.pa.gov.br\/wp-content\/uploads\/2024\/01\/WhatsApp-Image-2024-01-15-at-16.37.53-1024x1024.jpeg\" alt=\"\" class=\"wp-image-1694\" srcset=\"https:\/\/semus.pmsaraguaia.pa.gov.br\/wp-content\/uploads\/2024\/01\/WhatsApp-Image-2024-01-15-at-16.37.53-1024x1024.jpeg 1024w, https:\/\/semus.pmsaraguaia.pa.gov.br\/wp-content\/uploads\/2024\/01\/WhatsApp-Image-2024-01-15-at-16.37.53-300x300.jpeg 300w, https:\/\/semus.pmsaraguaia.pa.gov.br\/wp-content\/uploads\/2024\/01\/WhatsApp-Image-2024-01-15-at-16.37.53-150x150.jpeg 150w, https:\/\/semus.pmsaraguaia.pa.gov.br\/wp-content\/uploads\/2024\/01\/WhatsApp-Image-2024-01-15-at-16.37.53-768x768.jpeg 768w, https:\/\/semus.pmsaraguaia.pa.gov.br\/wp-content\/uploads\/2024\/01\/WhatsApp-Image-2024-01-15-at-16.37.53.jpeg 1181w\" sizes=\"(max-width: 1024px) 100vw, 1024px\" \/><\/figure>\n\n\n\n<p>Fonte: Secretaria de Sa\u00fade (SEMUS) ??<\/p>\n","protected":false},"excerpt":{"rendered":"<p>Vamos estender a m\u00e3o, quebrar barreiras, e lembrar que juntos somos mais fortes. Que este m\u00eas seja n\u00e3o apenas sobre conscientiza\u00e7\u00e3o, mas tamb\u00e9m sobre a\u00e7\u00e3o solid\u00e1ria. #JaneiroBranco #CuidadoComOOutro ?? Fonte: Secretaria de Sa\u00fade (SEMUS) ??<\/p>\n","protected":false},"author":3,"featured_media":1694,"comment_status":"open","ping_status":"open","sticky":false,"template":"","format":"standard","meta":{"footnotes":""},"categories":[1],"tags":[],"_links":{"self":[{"href":"https:\/\/semus.pmsaraguaia.pa.gov.br\/index.php?rest_route=\/wp\/v2\/posts\/1702"}],"collection":[{"href":"https:\/\/semus.pmsaraguaia.pa.gov.br\/index.php?rest_route=\/wp\/v2\/posts"}],"about":[{"href":"https:\/\/semus.pmsaraguaia.pa.gov.br\/index.php?rest_route=\/wp\/v2\/types\/post"}],"author":[{"embeddable":true,"href":"https:\/\/semus.pmsaraguaia.pa.gov.br\/index.php?rest_route=\/wp\/v2\/users\/3"}],"replies":[{"embeddable":true,"href":"https:\/\/semus.pmsaraguaia.pa.gov.br\/index.php?rest_route=%2Fwp%2Fv2%2Fcomments&post=1702"}],"version-history":[{"count":1,"href":"https:\/\/semus.pmsaraguaia.pa.gov.br\/index.php?rest_route=\/wp\/v2\/posts\/1702\/revisions"}],"predecessor-version":[{"id":1703,"href":"https:\/\/semus.pmsaraguaia.pa.gov.br\/index.php?rest_route=\/wp\/v2\/posts\/1702\/revisions\/1703"}],"wp:featuredmedia":[{"embeddable":true,"href":"https:\/\/semus.pmsaraguaia.pa.gov.br\/index.php?rest_route=\/wp\/v2\/media\/1694"}],"wp:attachment":[{"href":"https:\/\/semus.pmsaraguaia.pa.gov.br\/index.php?rest_route=%2Fwp%2Fv2%2Fmedia&parent=1702"}],"wp:term":[{"taxonomy":"category","embeddable":true,"href":"https:\/\/semus.pmsaraguaia.pa.gov.br\/index.php?rest_route=%2Fwp%2Fv2%2Fcategories&post=1702"},{"taxonomy":"post_tag","embeddable":true,"href":"https:\/\/semus.pmsaraguaia.pa.gov.br\/index.php?rest_route=%2Fwp%2Fv2%2Ftags&post=1702"}],"curies":[{"name":"wp","href":"https:\/\/api.w.org\/{rel}","templated":true}]}}