{"id":1640,"date":"2024-01-05T08:11:04","date_gmt":"2024-01-05T11:11:04","guid":{"rendered":"https:\/\/semus.pmsaraguaia.pa.gov.br\/?p=1640"},"modified":"2024-01-05T08:11:09","modified_gmt":"2024-01-05T11:11:09","slug":"a-secretaria-de-saude-informa-que-a-medica-dr-juliana-noleto-generalista-agora-integra-a-equipe-reforcando-a-qualidade-dos-atendimentos-em-vila-mandi-sua-presenca-e-fundamental-para-assegurar-um","status":"publish","type":"post","link":"https:\/\/semus.pmsaraguaia.pa.gov.br\/?p=1640","title":{"rendered":"A Secretaria de Sa\u00fade informa que a m\u00e9dica Dr. Juliana Noleto, generalista, agora integra a equipe, refor\u00e7ando a qualidade dos atendimentos em Vila Mandi. Sua presen\u00e7a \u00e9 fundamental para assegurar um atendimento abrangente e eficaz, promovendo a sa\u00fade da comunidade local."},"content":{"rendered":"\n<p>Kelly Conti, Secret\u00e1ria de Sa\u00fade, destaca a relev\u00e2ncia da m\u00e9dica Dra. Juliana Noleto para fortalecer os atendimentos em Vila Mandi, reconhecendo seu papel fundamental na melhoria dos servi\u00e7os de sa\u00fade na regi\u00e3o.<\/p>\n\n\n\n<p>Fonte: Secretaria de Sa\u00fade (SEMUS) ??<\/p>\n\n\n\n<figure class=\"wp-block-video\"><video controls src=\"https:\/\/semus.pmsaraguaia.pa.gov.br\/wp-content\/uploads\/2024\/01\/WhatsApp-Video-2024-01-04-at-17.37.47.mp4\"><\/video><\/figure>\n","protected":false},"excerpt":{"rendered":"<p>Kelly Conti, Secret\u00e1ria de Sa\u00fade, destaca a relev\u00e2ncia da m\u00e9dica Dra. Juliana Noleto para fortalecer os atendimentos em Vila Mandi, reconhecendo seu papel fundamental na melhoria dos servi\u00e7os de sa\u00fade na regi\u00e3o. Fonte: Secretaria de Sa\u00fade (SEMUS) ??<\/p>\n","protected":false},"author":3,"featured_media":1642,"comment_status":"open","ping_status":"open","sticky":false,"template":"","format":"standard","meta":{"footnotes":""},"categories":[1],"tags":[],"_links":{"self":[{"href":"https:\/\/semus.pmsaraguaia.pa.gov.br\/index.php?rest_route=\/wp\/v2\/posts\/1640"}],"collection":[{"href":"https:\/\/semus.pmsaraguaia.pa.gov.br\/index.php?rest_route=\/wp\/v2\/posts"}],"about":[{"href":"https:\/\/semus.pmsaraguaia.pa.gov.br\/index.php?rest_route=\/wp\/v2\/types\/post"}],"author":[{"embeddable":true,"href":"https:\/\/semus.pmsaraguaia.pa.gov.br\/index.php?rest_route=\/wp\/v2\/users\/3"}],"replies":[{"embeddable":true,"href":"https:\/\/semus.pmsaraguaia.pa.gov.br\/index.php?rest_route=%2Fwp%2Fv2%2Fcomments&post=1640"}],"version-history":[{"count":1,"href":"https:\/\/semus.pmsaraguaia.pa.gov.br\/index.php?rest_route=\/wp\/v2\/posts\/1640\/revisions"}],"predecessor-version":[{"id":1643,"href":"https:\/\/semus.pmsaraguaia.pa.gov.br\/index.php?rest_route=\/wp\/v2\/posts\/1640\/revisions\/1643"}],"wp:featuredmedia":[{"embeddable":true,"href":"https:\/\/semus.pmsaraguaia.pa.gov.br\/index.php?rest_route=\/wp\/v2\/media\/1642"}],"wp:attachment":[{"href":"https:\/\/semus.pmsaraguaia.pa.gov.br\/index.php?rest_route=%2Fwp%2Fv2%2Fmedia&parent=1640"}],"wp:term":[{"taxonomy":"category","embeddable":true,"href":"https:\/\/semus.pmsaraguaia.pa.gov.br\/index.php?rest_route=%2Fwp%2Fv2%2Fcategories&post=1640"},{"taxonomy":"post_tag","embeddable":true,"href":"https:\/\/semus.pmsaraguaia.pa.gov.br\/index.php?rest_route=%2Fwp%2Fv2%2Ftags&post=1640"}],"curies":[{"name":"wp","href":"https:\/\/api.w.org\/{rel}","templated":true}]}}