{"id":1626,"date":"2024-01-04T11:50:34","date_gmt":"2024-01-04T14:50:34","guid":{"rendered":"https:\/\/semus.pmsaraguaia.pa.gov.br\/?p=1626"},"modified":"2024-01-04T11:50:37","modified_gmt":"2024-01-04T14:50:37","slug":"a-medida-que-o-ano-chega-ao-fim-a-estrategia-de-saude-da-familia-esf-dr-wagner-pereira-da-silva-atendendo-nos-bairros-seringal-e-expansao-com-a-dedicacao-da-enfermeira-marta-silva-expressa-prof","status":"publish","type":"post","link":"https:\/\/semus.pmsaraguaia.pa.gov.br\/?p=1626","title":{"rendered":"\u00c0 medida que o ano chega ao fim, a Estrat\u00e9gia de Sa\u00fade da Fam\u00edlia (ESF) Dr. Wagner Pereira da Silva, atendendo nos bairros Seringal e Expans\u00e3o, com a dedica\u00e7\u00e3o da Enfermeira Marta Silva, expressa profunda gratid\u00e3o a todos pela colabora\u00e7\u00e3o exemplar. Agradecemos pelo excelente trabalho realizado, impulsionado pela uni\u00e3o da equipe. Estendemos nossa gratid\u00e3o a Deus pelo suporte cont\u00ednuo que a Secretaria Municipal proporcionou \u00e0 sa\u00fade, com um agradecimento especial \u00e0 Secret\u00e1ria de Sa\u00fade, Kelly Conti."},"content":{"rendered":"\n<p>Que o esp\u00edrito colaborativo e os sucessos alcan\u00e7ados neste ano continuem a nos inspirar em futuros desafios.<\/p>\n\n\n\n<p>Gratid\u00e3o,<br>Equipe da ESF Dr. Wagner Pereira da Silva<br>Enfermeira Marta Silva e equipe.<\/p>\n\n\n\n<p>Fonte: Secretaria de Sa\u00fade (SEMUS) ??<\/p>\n\n\n\n<figure class=\"wp-block-video\"><video controls src=\"https:\/\/semus.pmsaraguaia.pa.gov.br\/wp-content\/uploads\/2024\/01\/WhatsApp-Video-2024-01-04-at-11.37.57.mp4\"><\/video><\/figure>\n\n\n\n<figure class=\"wp-block-video\"><video controls src=\"https:\/\/semus.pmsaraguaia.pa.gov.br\/wp-content\/uploads\/2024\/01\/WhatsApp-Video-2024-01-04-at-11.38.14.mp4\"><\/video><\/figure>\n\n\n\n<figure class=\"wp-block-video\"><\/figure>\n","protected":false},"excerpt":{"rendered":"<p>Que o esp\u00edrito colaborativo e os sucessos alcan\u00e7ados neste ano continuem a nos inspirar em futuros desafios. Gratid\u00e3o,Equipe da ESF Dr. Wagner Pereira da SilvaEnfermeira Marta Silva e equipe. Fonte: Secretaria de Sa\u00fade (SEMUS) ??<\/p>\n","protected":false},"author":3,"featured_media":1627,"comment_status":"open","ping_status":"open","sticky":false,"template":"","format":"standard","meta":{"footnotes":""},"categories":[1],"tags":[],"_links":{"self":[{"href":"https:\/\/semus.pmsaraguaia.pa.gov.br\/index.php?rest_route=\/wp\/v2\/posts\/1626"}],"collection":[{"href":"https:\/\/semus.pmsaraguaia.pa.gov.br\/index.php?rest_route=\/wp\/v2\/posts"}],"about":[{"href":"https:\/\/semus.pmsaraguaia.pa.gov.br\/index.php?rest_route=\/wp\/v2\/types\/post"}],"author":[{"embeddable":true,"href":"https:\/\/semus.pmsaraguaia.pa.gov.br\/index.php?rest_route=\/wp\/v2\/users\/3"}],"replies":[{"embeddable":true,"href":"https:\/\/semus.pmsaraguaia.pa.gov.br\/index.php?rest_route=%2Fwp%2Fv2%2Fcomments&post=1626"}],"version-history":[{"count":1,"href":"https:\/\/semus.pmsaraguaia.pa.gov.br\/index.php?rest_route=\/wp\/v2\/posts\/1626\/revisions"}],"predecessor-version":[{"id":1630,"href":"https:\/\/semus.pmsaraguaia.pa.gov.br\/index.php?rest_route=\/wp\/v2\/posts\/1626\/revisions\/1630"}],"wp:featuredmedia":[{"embeddable":true,"href":"https:\/\/semus.pmsaraguaia.pa.gov.br\/index.php?rest_route=\/wp\/v2\/media\/1627"}],"wp:attachment":[{"href":"https:\/\/semus.pmsaraguaia.pa.gov.br\/index.php?rest_route=%2Fwp%2Fv2%2Fmedia&parent=1626"}],"wp:term":[{"taxonomy":"category","embeddable":true,"href":"https:\/\/semus.pmsaraguaia.pa.gov.br\/index.php?rest_route=%2Fwp%2Fv2%2Fcategories&post=1626"},{"taxonomy":"post_tag","embeddable":true,"href":"https:\/\/semus.pmsaraguaia.pa.gov.br\/index.php?rest_route=%2Fwp%2Fv2%2Ftags&post=1626"}],"curies":[{"name":"wp","href":"https:\/\/api.w.org\/{rel}","templated":true}]}}