{"id":1612,"date":"2024-01-03T12:15:26","date_gmt":"2024-01-03T15:15:26","guid":{"rendered":"https:\/\/semus.pmsaraguaia.pa.gov.br\/?p=1612"},"modified":"2024-01-03T12:15:30","modified_gmt":"2024-01-03T15:15:30","slug":"dedicacao-e-honra-reconhecimento-aos-profissionais-de-saude-em-santana-do-araguaia-e-distrito-no-ano-de-2023","status":"publish","type":"post","link":"https:\/\/semus.pmsaraguaia.pa.gov.br\/?p=1612","title":{"rendered":"Dedica\u00e7\u00e3o e Honra: Reconhecimento aos Profissionais de Sa\u00fade em Santana do Araguaia e Distrito no Ano de 2023"},"content":{"rendered":"\n<p>Sob a lideran\u00e7a dedicada da coordenadora e diretora da aten\u00e7\u00e3o prim\u00e1ria, Terezinha, expressamos nossa profunda gratid\u00e3o a todas as equipes da sa\u00fade. Suas not\u00e1veis realiza\u00e7\u00f5es e esfor\u00e7os exemplares ao longo do ano merecem reconhecimento especial. A todos os profissionais, nosso sincero agradecimento por contribu\u00edrem com excel\u00eancia para a sa\u00fade do povo de Santana do Araguaia e Distrito. Que o ano de 2024 seja repleto de realiza\u00e7\u00f5es e felicidade.<\/p>\n\n\n\n<p>Kelly Conti, secret\u00e1ria de sa\u00fade, agradece pelo trabalho dedicado com amor. Que em 2024 possamos estar juntos nessa jornada, contribuindo para salvar vidas. Feliz Ano Novo!<\/p>\n\n\n\n<p>Fonte: Secretaria de Sa\u00fade (SEMUS) ??<\/p>\n\n\n\n<figure class=\"wp-block-video\"><video controls src=\"https:\/\/semus.pmsaraguaia.pa.gov.br\/wp-content\/uploads\/2024\/01\/WhatsApp-Video-2024-01-03-at-12.00.09.mp4\"><\/video><\/figure>\n\n\n\n<figure class=\"wp-block-video\"><video controls src=\"https:\/\/semus.pmsaraguaia.pa.gov.br\/wp-content\/uploads\/2024\/01\/WhatsApp-Video-2024-01-03-at-11.59.19.mp4\"><\/video><\/figure>\n","protected":false},"excerpt":{"rendered":"<p>Sob a lideran\u00e7a dedicada da coordenadora e diretora da aten\u00e7\u00e3o prim\u00e1ria, Terezinha, expressamos nossa profunda gratid\u00e3o a todas as equipes da sa\u00fade. Suas not\u00e1veis realiza\u00e7\u00f5es e esfor\u00e7os exemplares ao longo do ano merecem reconhecimento especial. A todos os profissionais, nosso sincero agradecimento por contribu\u00edrem com excel\u00eancia para a sa\u00fade do povo de Santana do Araguaia &hellip;<\/p>\n","protected":false},"author":3,"featured_media":1616,"comment_status":"open","ping_status":"open","sticky":false,"template":"","format":"standard","meta":{"footnotes":""},"categories":[1],"tags":[],"_links":{"self":[{"href":"https:\/\/semus.pmsaraguaia.pa.gov.br\/index.php?rest_route=\/wp\/v2\/posts\/1612"}],"collection":[{"href":"https:\/\/semus.pmsaraguaia.pa.gov.br\/index.php?rest_route=\/wp\/v2\/posts"}],"about":[{"href":"https:\/\/semus.pmsaraguaia.pa.gov.br\/index.php?rest_route=\/wp\/v2\/types\/post"}],"author":[{"embeddable":true,"href":"https:\/\/semus.pmsaraguaia.pa.gov.br\/index.php?rest_route=\/wp\/v2\/users\/3"}],"replies":[{"embeddable":true,"href":"https:\/\/semus.pmsaraguaia.pa.gov.br\/index.php?rest_route=%2Fwp%2Fv2%2Fcomments&post=1612"}],"version-history":[{"count":1,"href":"https:\/\/semus.pmsaraguaia.pa.gov.br\/index.php?rest_route=\/wp\/v2\/posts\/1612\/revisions"}],"predecessor-version":[{"id":1617,"href":"https:\/\/semus.pmsaraguaia.pa.gov.br\/index.php?rest_route=\/wp\/v2\/posts\/1612\/revisions\/1617"}],"wp:featuredmedia":[{"embeddable":true,"href":"https:\/\/semus.pmsaraguaia.pa.gov.br\/index.php?rest_route=\/wp\/v2\/media\/1616"}],"wp:attachment":[{"href":"https:\/\/semus.pmsaraguaia.pa.gov.br\/index.php?rest_route=%2Fwp%2Fv2%2Fmedia&parent=1612"}],"wp:term":[{"taxonomy":"category","embeddable":true,"href":"https:\/\/semus.pmsaraguaia.pa.gov.br\/index.php?rest_route=%2Fwp%2Fv2%2Fcategories&post=1612"},{"taxonomy":"post_tag","embeddable":true,"href":"https:\/\/semus.pmsaraguaia.pa.gov.br\/index.php?rest_route=%2Fwp%2Fv2%2Ftags&post=1612"}],"curies":[{"name":"wp","href":"https:\/\/api.w.org\/{rel}","templated":true}]}}