{"id":1604,"date":"2024-01-03T10:44:37","date_gmt":"2024-01-03T13:44:37","guid":{"rendered":"https:\/\/semus.pmsaraguaia.pa.gov.br\/?p=1604"},"modified":"2024-01-03T10:44:40","modified_gmt":"2024-01-03T13:44:40","slug":"janeiro-branco-2024-%f0%9f%a7%a0-saude-mental-enquanto-ha-tempo-%f0%9f%a4%8d","status":"publish","type":"post","link":"https:\/\/semus.pmsaraguaia.pa.gov.br\/?p=1604","title":{"rendered":"Janeiro Branco 2024: ? Sa\u00fade mental enquanto h\u00e1 tempo! ?"},"content":{"rendered":"\n<p>Em 2024, Janeiro Branco destaca a import\u00e2ncia do bem-estar mental diante das transforma\u00e7\u00f5es do mundo. Reconhecendo a essencialidade da sa\u00fade mental, o m\u00eas convida \u00e0 autoavalia\u00e7\u00e3o, di\u00e1logo aberto e autocuidado. Unindo empatia e solidariedade, busca construir comunidades saud\u00e1veis e sociedades resilientes. Priorizemos juntos o cuidado com a mente para um bem-estar duradouro.<\/p>\n\n\n\n<p>&#8220;A sa\u00fade mental \u00e9 uma prioridade. Em Janeiro Branco 2024, Kelly Conti, Secret\u00e1ria de Sa\u00fade, apoia a promo\u00e7\u00e3o do bem-estar emocional. Cuide de voc\u00ea!&#8221;<\/p>\n\n\n\n<figure class=\"wp-block-image size-large\"><img loading=\"lazy\" decoding=\"async\" width=\"1024\" height=\"1024\" src=\"https:\/\/semus.pmsaraguaia.pa.gov.br\/wp-content\/uploads\/2024\/01\/WhatsApp-Image-2024-01-02-at-19.30.02-1-1024x1024.jpeg\" alt=\"\" class=\"wp-image-1603\" srcset=\"https:\/\/semus.pmsaraguaia.pa.gov.br\/wp-content\/uploads\/2024\/01\/WhatsApp-Image-2024-01-02-at-19.30.02-1-1024x1024.jpeg 1024w, https:\/\/semus.pmsaraguaia.pa.gov.br\/wp-content\/uploads\/2024\/01\/WhatsApp-Image-2024-01-02-at-19.30.02-1-300x300.jpeg 300w, https:\/\/semus.pmsaraguaia.pa.gov.br\/wp-content\/uploads\/2024\/01\/WhatsApp-Image-2024-01-02-at-19.30.02-1-150x150.jpeg 150w, https:\/\/semus.pmsaraguaia.pa.gov.br\/wp-content\/uploads\/2024\/01\/WhatsApp-Image-2024-01-02-at-19.30.02-1-768x768.jpeg 768w, https:\/\/semus.pmsaraguaia.pa.gov.br\/wp-content\/uploads\/2024\/01\/WhatsApp-Image-2024-01-02-at-19.30.02-1.jpeg 1180w\" sizes=\"(max-width: 1024px) 100vw, 1024px\" \/><\/figure>\n","protected":false},"excerpt":{"rendered":"<p>Em 2024, Janeiro Branco destaca a import\u00e2ncia do bem-estar mental diante das transforma\u00e7\u00f5es do mundo. Reconhecendo a essencialidade da sa\u00fade mental, o m\u00eas convida \u00e0 autoavalia\u00e7\u00e3o, di\u00e1logo aberto e autocuidado. Unindo empatia e solidariedade, busca construir comunidades saud\u00e1veis e sociedades resilientes. Priorizemos juntos o cuidado com a mente para um bem-estar duradouro. &#8220;A sa\u00fade mental &hellip;<\/p>\n","protected":false},"author":3,"featured_media":1603,"comment_status":"open","ping_status":"open","sticky":false,"template":"","format":"standard","meta":{"footnotes":""},"categories":[1],"tags":[],"_links":{"self":[{"href":"https:\/\/semus.pmsaraguaia.pa.gov.br\/index.php?rest_route=\/wp\/v2\/posts\/1604"}],"collection":[{"href":"https:\/\/semus.pmsaraguaia.pa.gov.br\/index.php?rest_route=\/wp\/v2\/posts"}],"about":[{"href":"https:\/\/semus.pmsaraguaia.pa.gov.br\/index.php?rest_route=\/wp\/v2\/types\/post"}],"author":[{"embeddable":true,"href":"https:\/\/semus.pmsaraguaia.pa.gov.br\/index.php?rest_route=\/wp\/v2\/users\/3"}],"replies":[{"embeddable":true,"href":"https:\/\/semus.pmsaraguaia.pa.gov.br\/index.php?rest_route=%2Fwp%2Fv2%2Fcomments&post=1604"}],"version-history":[{"count":1,"href":"https:\/\/semus.pmsaraguaia.pa.gov.br\/index.php?rest_route=\/wp\/v2\/posts\/1604\/revisions"}],"predecessor-version":[{"id":1605,"href":"https:\/\/semus.pmsaraguaia.pa.gov.br\/index.php?rest_route=\/wp\/v2\/posts\/1604\/revisions\/1605"}],"wp:featuredmedia":[{"embeddable":true,"href":"https:\/\/semus.pmsaraguaia.pa.gov.br\/index.php?rest_route=\/wp\/v2\/media\/1603"}],"wp:attachment":[{"href":"https:\/\/semus.pmsaraguaia.pa.gov.br\/index.php?rest_route=%2Fwp%2Fv2%2Fmedia&parent=1604"}],"wp:term":[{"taxonomy":"category","embeddable":true,"href":"https:\/\/semus.pmsaraguaia.pa.gov.br\/index.php?rest_route=%2Fwp%2Fv2%2Fcategories&post=1604"},{"taxonomy":"post_tag","embeddable":true,"href":"https:\/\/semus.pmsaraguaia.pa.gov.br\/index.php?rest_route=%2Fwp%2Fv2%2Ftags&post=1604"}],"curies":[{"name":"wp","href":"https:\/\/api.w.org\/{rel}","templated":true}]}}