{"id":1581,"date":"2023-12-19T10:49:33","date_gmt":"2023-12-19T13:49:33","guid":{"rendered":"https:\/\/semus.pmsaraguaia.pa.gov.br\/?p=1581"},"modified":"2023-12-19T10:49:37","modified_gmt":"2023-12-19T13:49:37","slug":"a-secretaria-municipal-de-santana-do-araguaia-promoveu-uma-confraternizacao-na-escola-dr-wagner-pereira-da-silva-em-17-12-reunindo-os-dedicados-servidores-da-saude-o-evento-contou-com-sorteios-de-p","status":"publish","type":"post","link":"https:\/\/semus.pmsaraguaia.pa.gov.br\/?p=1581","title":{"rendered":"A Secretaria Municipal de Santana do Araguaia promoveu uma confraterniza\u00e7\u00e3o na Escola Dr. Wagner Pereira da Silva em 17\/12, reunindo os dedicados servidores da sa\u00fade. O evento contou com sorteios de pr\u00eamios, um almo\u00e7o delicioso e gincanas foram realizadas, refor\u00e7ando a uni\u00e3o e colabora\u00e7\u00e3o na equipe da sa\u00fade. Essa experi\u00eancia \u00fanica contribuiu significativamente para fortalecer os la\u00e7os entre os colegas, promovendo um ambiente de trabalho mais positivo e eficaz."},"content":{"rendered":"\n<p>A import\u00e2ncia desse momento transcende a celebra\u00e7\u00e3o, moldando uma cultura de coopera\u00e7\u00e3o que beneficia a presta\u00e7\u00e3o de servi\u00e7os de sa\u00fade \u00e0 comunidade.<\/p>\n\n\n\n<p>A Secretaria de Sa\u00fade, Kelly Conti, agradece a todos os servidores da sa\u00fade por compartilharem este momento especial. Sua dedica\u00e7\u00e3o fortalece nossa equipe e contribui para um ambiente de trabalho positivo. Juntos, continuamos a servir nossa comunidade com excel\u00eancia. Obrigada a todos pelo comprometimento.<\/p>\n\n\n\n<p>Fonte: Secretaria de Sa\u00fade (SEMUS) ??<\/p>\n\n\n\n<figure class=\"wp-block-video\"><video controls src=\"https:\/\/semus.pmsaraguaia.pa.gov.br\/wp-content\/uploads\/2023\/12\/WhatsApp-Video-2023-12-18-at-16.11.29.mp4\"><\/video><\/figure>\n","protected":false},"excerpt":{"rendered":"<p>A import\u00e2ncia desse momento transcende a celebra\u00e7\u00e3o, moldando uma cultura de coopera\u00e7\u00e3o que beneficia a presta\u00e7\u00e3o de servi\u00e7os de sa\u00fade \u00e0 comunidade. A Secretaria de Sa\u00fade, Kelly Conti, agradece a todos os servidores da sa\u00fade por compartilharem este momento especial. Sua dedica\u00e7\u00e3o fortalece nossa equipe e contribui para um ambiente de trabalho positivo. Juntos, continuamos &hellip;<\/p>\n","protected":false},"author":3,"featured_media":1584,"comment_status":"open","ping_status":"open","sticky":false,"template":"","format":"standard","meta":{"footnotes":""},"categories":[1],"tags":[],"_links":{"self":[{"href":"https:\/\/semus.pmsaraguaia.pa.gov.br\/index.php?rest_route=\/wp\/v2\/posts\/1581"}],"collection":[{"href":"https:\/\/semus.pmsaraguaia.pa.gov.br\/index.php?rest_route=\/wp\/v2\/posts"}],"about":[{"href":"https:\/\/semus.pmsaraguaia.pa.gov.br\/index.php?rest_route=\/wp\/v2\/types\/post"}],"author":[{"embeddable":true,"href":"https:\/\/semus.pmsaraguaia.pa.gov.br\/index.php?rest_route=\/wp\/v2\/users\/3"}],"replies":[{"embeddable":true,"href":"https:\/\/semus.pmsaraguaia.pa.gov.br\/index.php?rest_route=%2Fwp%2Fv2%2Fcomments&post=1581"}],"version-history":[{"count":1,"href":"https:\/\/semus.pmsaraguaia.pa.gov.br\/index.php?rest_route=\/wp\/v2\/posts\/1581\/revisions"}],"predecessor-version":[{"id":1585,"href":"https:\/\/semus.pmsaraguaia.pa.gov.br\/index.php?rest_route=\/wp\/v2\/posts\/1581\/revisions\/1585"}],"wp:featuredmedia":[{"embeddable":true,"href":"https:\/\/semus.pmsaraguaia.pa.gov.br\/index.php?rest_route=\/wp\/v2\/media\/1584"}],"wp:attachment":[{"href":"https:\/\/semus.pmsaraguaia.pa.gov.br\/index.php?rest_route=%2Fwp%2Fv2%2Fmedia&parent=1581"}],"wp:term":[{"taxonomy":"category","embeddable":true,"href":"https:\/\/semus.pmsaraguaia.pa.gov.br\/index.php?rest_route=%2Fwp%2Fv2%2Fcategories&post=1581"},{"taxonomy":"post_tag","embeddable":true,"href":"https:\/\/semus.pmsaraguaia.pa.gov.br\/index.php?rest_route=%2Fwp%2Fv2%2Ftags&post=1581"}],"curies":[{"name":"wp","href":"https:\/\/api.w.org\/{rel}","templated":true}]}}