{"id":1551,"date":"2023-12-11T11:30:15","date_gmt":"2023-12-11T14:30:15","guid":{"rendered":"https:\/\/semus.pmsaraguaia.pa.gov.br\/?p=1551"},"modified":"2023-12-11T11:30:19","modified_gmt":"2023-12-11T14:30:19","slug":"em-uma-roda-de-conversas-realizada-na-esf-dr-antonio-portugal-em-07-12-buscamos-o-alinhamento-de-estrategias-para-aprimorar-o-cuidado-a-comunidade-o-destaque-foi-a-formacao-do-comite-de-microplanej","status":"publish","type":"post","link":"https:\/\/semus.pmsaraguaia.pa.gov.br\/?p=1551","title":{"rendered":"Em uma roda de conversas realizada na ESF Dr. Ant\u00f4nio Portugal em 07\/12, buscamos o alinhamento de estrat\u00e9gias para aprimorar o cuidado \u00e0 comunidade. O destaque foi a forma\u00e7\u00e3o do Comit\u00ea de Microplanejamento Anual de Vacina\u00e7\u00e3o, evidenciando a dedica\u00e7\u00e3o em planejar a\u00e7\u00f5es impactantes."},"content":{"rendered":"\n<p>O apoio constante de Kelly Conti, Secret\u00e1ria de Sa\u00fade, \u00e9 um incentivo valioso para essas a\u00e7\u00f5es importantes.<\/p>\n\n\n\n<p>Fonte: Secretaria de Sa\u00fade (SEMUS) ??<\/p>\n\n\n\n<figure class=\"wp-block-image size-large\"><img loading=\"lazy\" decoding=\"async\" width=\"1024\" height=\"1024\" src=\"https:\/\/semus.pmsaraguaia.pa.gov.br\/wp-content\/uploads\/2023\/12\/WhatsApp-Image-2023-12-08-at-16.50.12-1024x1024.jpeg\" alt=\"\" class=\"wp-image-1552\" srcset=\"https:\/\/semus.pmsaraguaia.pa.gov.br\/wp-content\/uploads\/2023\/12\/WhatsApp-Image-2023-12-08-at-16.50.12-1024x1024.jpeg 1024w, https:\/\/semus.pmsaraguaia.pa.gov.br\/wp-content\/uploads\/2023\/12\/WhatsApp-Image-2023-12-08-at-16.50.12-300x300.jpeg 300w, https:\/\/semus.pmsaraguaia.pa.gov.br\/wp-content\/uploads\/2023\/12\/WhatsApp-Image-2023-12-08-at-16.50.12-150x150.jpeg 150w, https:\/\/semus.pmsaraguaia.pa.gov.br\/wp-content\/uploads\/2023\/12\/WhatsApp-Image-2023-12-08-at-16.50.12-768x768.jpeg 768w, https:\/\/semus.pmsaraguaia.pa.gov.br\/wp-content\/uploads\/2023\/12\/WhatsApp-Image-2023-12-08-at-16.50.12.jpeg 1080w\" sizes=\"(max-width: 1024px) 100vw, 1024px\" \/><\/figure>\n","protected":false},"excerpt":{"rendered":"<p>O apoio constante de Kelly Conti, Secret\u00e1ria de Sa\u00fade, \u00e9 um incentivo valioso para essas a\u00e7\u00f5es importantes. Fonte: Secretaria de Sa\u00fade (SEMUS) ??<\/p>\n","protected":false},"author":3,"featured_media":1552,"comment_status":"open","ping_status":"open","sticky":false,"template":"","format":"standard","meta":{"footnotes":""},"categories":[1],"tags":[],"_links":{"self":[{"href":"https:\/\/semus.pmsaraguaia.pa.gov.br\/index.php?rest_route=\/wp\/v2\/posts\/1551"}],"collection":[{"href":"https:\/\/semus.pmsaraguaia.pa.gov.br\/index.php?rest_route=\/wp\/v2\/posts"}],"about":[{"href":"https:\/\/semus.pmsaraguaia.pa.gov.br\/index.php?rest_route=\/wp\/v2\/types\/post"}],"author":[{"embeddable":true,"href":"https:\/\/semus.pmsaraguaia.pa.gov.br\/index.php?rest_route=\/wp\/v2\/users\/3"}],"replies":[{"embeddable":true,"href":"https:\/\/semus.pmsaraguaia.pa.gov.br\/index.php?rest_route=%2Fwp%2Fv2%2Fcomments&post=1551"}],"version-history":[{"count":1,"href":"https:\/\/semus.pmsaraguaia.pa.gov.br\/index.php?rest_route=\/wp\/v2\/posts\/1551\/revisions"}],"predecessor-version":[{"id":1553,"href":"https:\/\/semus.pmsaraguaia.pa.gov.br\/index.php?rest_route=\/wp\/v2\/posts\/1551\/revisions\/1553"}],"wp:featuredmedia":[{"embeddable":true,"href":"https:\/\/semus.pmsaraguaia.pa.gov.br\/index.php?rest_route=\/wp\/v2\/media\/1552"}],"wp:attachment":[{"href":"https:\/\/semus.pmsaraguaia.pa.gov.br\/index.php?rest_route=%2Fwp%2Fv2%2Fmedia&parent=1551"}],"wp:term":[{"taxonomy":"category","embeddable":true,"href":"https:\/\/semus.pmsaraguaia.pa.gov.br\/index.php?rest_route=%2Fwp%2Fv2%2Fcategories&post=1551"},{"taxonomy":"post_tag","embeddable":true,"href":"https:\/\/semus.pmsaraguaia.pa.gov.br\/index.php?rest_route=%2Fwp%2Fv2%2Ftags&post=1551"}],"curies":[{"name":"wp","href":"https:\/\/api.w.org\/{rel}","templated":true}]}}