{"id":1512,"date":"2023-12-04T08:40:46","date_gmt":"2023-12-04T11:40:46","guid":{"rendered":"https:\/\/semus.pmsaraguaia.pa.gov.br\/?p=1512"},"modified":"2023-12-04T08:40:51","modified_gmt":"2023-12-04T11:40:51","slug":"o-dia-mundial-da-luta-contra-aids-nao-e-apenas-uma-data-deve-servir-como-espaco-para-desenvolver-e-reforcar-o-esforco-mundial-de-combate-a-aids-o-objetivo-deste-dia-e-promover-a-troca-de-informacoes","status":"publish","type":"post","link":"https:\/\/semus.pmsaraguaia.pa.gov.br\/?p=1512","title":{"rendered":"O Dia Mundial da Luta Contra AIDS n\u00e3o \u00e9 apenas uma data. Deve servir como espa\u00e7o para desenvolver e refor\u00e7ar o esfor\u00e7o mundial de combate \u00e0 AIDS. O objetivo deste dia \u00e9 promover a troca de informa\u00e7\u00f5es, experi\u00eancias e criar um esp\u00edrito de toler\u00e2ncia social."},"content":{"rendered":"\n<p>Que essa data seja um s\u00edmbolo para que juntos possamos promover um ambiente soci\u00e1vel para todos aqueles que est\u00e3o na luta contra a doen\u00e7a.<\/p>\n\n\n\n<p>Dirija-se aos \u00f3rg\u00e3os de sa\u00fade p\u00fablica mais pr\u00f3ximos de voc\u00ea e previna-se.<\/p>\n\n\n\n<h1 class=\"wp-block-heading\">combateaAIDS<\/h1>\n\n\n\n<figure class=\"wp-block-image size-large\"><img loading=\"lazy\" decoding=\"async\" width=\"819\" height=\"1024\" src=\"https:\/\/semus.pmsaraguaia.pa.gov.br\/wp-content\/uploads\/2023\/12\/WhatsApp-Image-2023-12-01-at-17.11.59-819x1024.jpeg\" alt=\"\" class=\"wp-image-1506\" srcset=\"https:\/\/semus.pmsaraguaia.pa.gov.br\/wp-content\/uploads\/2023\/12\/WhatsApp-Image-2023-12-01-at-17.11.59-819x1024.jpeg 819w, https:\/\/semus.pmsaraguaia.pa.gov.br\/wp-content\/uploads\/2023\/12\/WhatsApp-Image-2023-12-01-at-17.11.59-240x300.jpeg 240w, https:\/\/semus.pmsaraguaia.pa.gov.br\/wp-content\/uploads\/2023\/12\/WhatsApp-Image-2023-12-01-at-17.11.59-768x960.jpeg 768w, https:\/\/semus.pmsaraguaia.pa.gov.br\/wp-content\/uploads\/2023\/12\/WhatsApp-Image-2023-12-01-at-17.11.59.jpeg 1080w\" sizes=\"(max-width: 819px) 100vw, 819px\" \/><\/figure>\n","protected":false},"excerpt":{"rendered":"<p>Que essa data seja um s\u00edmbolo para que juntos possamos promover um ambiente soci\u00e1vel para todos aqueles que est\u00e3o na luta contra a doen\u00e7a. Dirija-se aos \u00f3rg\u00e3os de sa\u00fade p\u00fablica mais pr\u00f3ximos de voc\u00ea e previna-se. combateaAIDS<\/p>\n","protected":false},"author":3,"featured_media":1506,"comment_status":"open","ping_status":"open","sticky":false,"template":"","format":"standard","meta":{"footnotes":""},"categories":[41,38,39,40],"tags":[],"_links":{"self":[{"href":"https:\/\/semus.pmsaraguaia.pa.gov.br\/index.php?rest_route=\/wp\/v2\/posts\/1512"}],"collection":[{"href":"https:\/\/semus.pmsaraguaia.pa.gov.br\/index.php?rest_route=\/wp\/v2\/posts"}],"about":[{"href":"https:\/\/semus.pmsaraguaia.pa.gov.br\/index.php?rest_route=\/wp\/v2\/types\/post"}],"author":[{"embeddable":true,"href":"https:\/\/semus.pmsaraguaia.pa.gov.br\/index.php?rest_route=\/wp\/v2\/users\/3"}],"replies":[{"embeddable":true,"href":"https:\/\/semus.pmsaraguaia.pa.gov.br\/index.php?rest_route=%2Fwp%2Fv2%2Fcomments&post=1512"}],"version-history":[{"count":1,"href":"https:\/\/semus.pmsaraguaia.pa.gov.br\/index.php?rest_route=\/wp\/v2\/posts\/1512\/revisions"}],"predecessor-version":[{"id":1513,"href":"https:\/\/semus.pmsaraguaia.pa.gov.br\/index.php?rest_route=\/wp\/v2\/posts\/1512\/revisions\/1513"}],"wp:featuredmedia":[{"embeddable":true,"href":"https:\/\/semus.pmsaraguaia.pa.gov.br\/index.php?rest_route=\/wp\/v2\/media\/1506"}],"wp:attachment":[{"href":"https:\/\/semus.pmsaraguaia.pa.gov.br\/index.php?rest_route=%2Fwp%2Fv2%2Fmedia&parent=1512"}],"wp:term":[{"taxonomy":"category","embeddable":true,"href":"https:\/\/semus.pmsaraguaia.pa.gov.br\/index.php?rest_route=%2Fwp%2Fv2%2Fcategories&post=1512"},{"taxonomy":"post_tag","embeddable":true,"href":"https:\/\/semus.pmsaraguaia.pa.gov.br\/index.php?rest_route=%2Fwp%2Fv2%2Ftags&post=1512"}],"curies":[{"name":"wp","href":"https:\/\/api.w.org\/{rel}","templated":true}]}}