{"id":1502,"date":"2023-12-04T08:28:31","date_gmt":"2023-12-04T11:28:31","guid":{"rendered":"https:\/\/semus.pmsaraguaia.pa.gov.br\/?p=1502"},"modified":"2023-12-04T08:28:34","modified_gmt":"2023-12-04T11:28:34","slug":"dia-d-da-vacinacao-02-12-juntos-pela-saude-coletiva","status":"publish","type":"post","link":"https:\/\/semus.pmsaraguaia.pa.gov.br\/?p=1502","title":{"rendered":"Dia D da Vacina\u00e7\u00e3o &#8211; 02\/12: Juntos pela Sa\u00fade Coletiva"},"content":{"rendered":"\n<p>Em 2 de dezembro, o Dia D da vacina\u00e7\u00e3o contra a gripe \u00e9 uma oportunidade \u00fanica para fortalecermos nossa imunidade coletiva. Cada dose conta na preven\u00e7\u00e3o da dissemina\u00e7\u00e3o do v\u00edrus, e sua participa\u00e7\u00e3o \u00e9 fundamental. Ao se vacinar, n\u00e3o apenas cuida de si mesmo, mas contribui para a seguran\u00e7a de toda a comunidade. Vamos, juntos, construir uma sociedade mais saud\u00e1vel. Vacine-se e fa\u00e7a parte deste gesto coletivo de cuidado e preven\u00e7\u00e3o.<\/p>\n\n\n\n<p>Kelly Conti, secret\u00e1ria de sa\u00fade, incentiva: &#8220;A sua sa\u00fade \u00e9 nossa prioridade. Vacine-se agora e contribua para uma Santana mais protegida. Juntos, cuidamos do que realmente importa: a sua sa\u00fade.&#8221;<\/p>\n\n\n\n<p>Fonte: Secretaria de Sa\u00fade (SEMUS) ??<\/p>\n\n\n\n<figure class=\"wp-block-video\"><video controls src=\"https:\/\/semus.pmsaraguaia.pa.gov.br\/wp-content\/uploads\/2023\/12\/WhatsApp-Video-2023-12-01-at-18.43.05.mp4\"><\/video><\/figure>\n","protected":false},"excerpt":{"rendered":"<p>Em 2 de dezembro, o Dia D da vacina\u00e7\u00e3o contra a gripe \u00e9 uma oportunidade \u00fanica para fortalecermos nossa imunidade coletiva. Cada dose conta na preven\u00e7\u00e3o da dissemina\u00e7\u00e3o do v\u00edrus, e sua participa\u00e7\u00e3o \u00e9 fundamental. Ao se vacinar, n\u00e3o apenas cuida de si mesmo, mas contribui para a seguran\u00e7a de toda a comunidade. Vamos, juntos, &hellip;<\/p>\n","protected":false},"author":3,"featured_media":1503,"comment_status":"open","ping_status":"open","sticky":false,"template":"","format":"standard","meta":{"footnotes":""},"categories":[1],"tags":[],"_links":{"self":[{"href":"https:\/\/semus.pmsaraguaia.pa.gov.br\/index.php?rest_route=\/wp\/v2\/posts\/1502"}],"collection":[{"href":"https:\/\/semus.pmsaraguaia.pa.gov.br\/index.php?rest_route=\/wp\/v2\/posts"}],"about":[{"href":"https:\/\/semus.pmsaraguaia.pa.gov.br\/index.php?rest_route=\/wp\/v2\/types\/post"}],"author":[{"embeddable":true,"href":"https:\/\/semus.pmsaraguaia.pa.gov.br\/index.php?rest_route=\/wp\/v2\/users\/3"}],"replies":[{"embeddable":true,"href":"https:\/\/semus.pmsaraguaia.pa.gov.br\/index.php?rest_route=%2Fwp%2Fv2%2Fcomments&post=1502"}],"version-history":[{"count":1,"href":"https:\/\/semus.pmsaraguaia.pa.gov.br\/index.php?rest_route=\/wp\/v2\/posts\/1502\/revisions"}],"predecessor-version":[{"id":1507,"href":"https:\/\/semus.pmsaraguaia.pa.gov.br\/index.php?rest_route=\/wp\/v2\/posts\/1502\/revisions\/1507"}],"wp:featuredmedia":[{"embeddable":true,"href":"https:\/\/semus.pmsaraguaia.pa.gov.br\/index.php?rest_route=\/wp\/v2\/media\/1503"}],"wp:attachment":[{"href":"https:\/\/semus.pmsaraguaia.pa.gov.br\/index.php?rest_route=%2Fwp%2Fv2%2Fmedia&parent=1502"}],"wp:term":[{"taxonomy":"category","embeddable":true,"href":"https:\/\/semus.pmsaraguaia.pa.gov.br\/index.php?rest_route=%2Fwp%2Fv2%2Fcategories&post=1502"},{"taxonomy":"post_tag","embeddable":true,"href":"https:\/\/semus.pmsaraguaia.pa.gov.br\/index.php?rest_route=%2Fwp%2Fv2%2Ftags&post=1502"}],"curies":[{"name":"wp","href":"https:\/\/api.w.org\/{rel}","templated":true}]}}