{"id":1496,"date":"2023-11-30T11:31:51","date_gmt":"2023-11-30T14:31:51","guid":{"rendered":"https:\/\/semus.pmsaraguaia.pa.gov.br\/?p=1496"},"modified":"2023-11-30T11:31:56","modified_gmt":"2023-11-30T14:31:56","slug":"com-o-proposito-de-proteger-mais-de-7000-mil-caes-e-gatos-contra-a-raiva-humana-a-secretaria-municipal-de-saude-atraves-do-departamento-de-vigilancia-sanitaria-iniciou-na-ultima-quinta-feira-dia-23","status":"publish","type":"post","link":"https:\/\/semus.pmsaraguaia.pa.gov.br\/?p=1496","title":{"rendered":"Com o prop\u00f3sito de proteger mais de 7000 mil c\u00e3es e gatos contra a raiva humana, a Secretaria Municipal de Sa\u00fade, atrav\u00e9s do Departamento de Vigil\u00e2ncia Sanit\u00e1ria, iniciou na \u00faltima quinta-feira dia 23\/11 a Campanha Nacional de Vacina\u00e7\u00e3o Antirr\u00e1bica Animal 2023.As equipes de vacina\u00e7\u00e3o est\u00e3o indo de casa em casa para poder fazer a imuniza\u00e7\u00e3o de todos os animais no hor\u00e1rio de 7h as 13h de segunda a sexta-feira."},"content":{"rendered":"\n<p>Os primeiros bairros a serem atendidos foram os de abrang\u00eancia da Estrat\u00e9gia da Sa\u00fade Theresinha Abreu Vita, onde nos dias 23 e 24 foram vacinados 296 c\u00e3es e 89 gatos.<\/p>\n\n\n\n<p>A Campanha na zona urbana acontecer\u00e1 neste m\u00eas de dezembro e na zona rural no in\u00edcio de 2024.<br>O cronograma das atividades com os bairros a serem visitados pelas equipes ser\u00e3o divulgados, periodicamente, nas redes sociais da SEMUS.<br>Al\u00e9m das visitas, a Secretaria de Sa\u00fade tamb\u00e9m ofertar\u00e1 a vacina no Departamento de Vigil\u00e2ncia Sanit\u00e1ria, onde a vacina fica dispon\u00edvel durante esse per\u00edodo de segunda a sexta, das 8h \u00e0s 12h.<br>A vacina contra a raiva \u00e9 obrigat\u00f3ria para c\u00e3es e gatos, e deve ser aplicada anualmente.<\/p>\n\n\n\n<p>Para ser imunizado, o animal deve estar em boas condi\u00e7\u00f5es de sa\u00fade e ter, ao menos, tr\u00eas meses de idade. Ap\u00f3s o procedimento, os propriet\u00e1rios recebem um comprovante de vacina\u00e7\u00e3o dos bichos de estima\u00e7\u00e3o, que devem ser guardados para serem utilizados na pr\u00f3xima campanha.<\/p>\n\n\n\n<p>Fonte: Secretaria de Sa\u00fade (SEMUS) ??<\/p>\n\n\n\n<figure class=\"wp-block-image size-large\"><img loading=\"lazy\" decoding=\"async\" width=\"819\" height=\"1024\" src=\"https:\/\/semus.pmsaraguaia.pa.gov.br\/wp-content\/uploads\/2023\/11\/WhatsApp-Image-2023-11-29-at-12.46.28-1-819x1024.jpeg\" alt=\"\" class=\"wp-image-1485\" srcset=\"https:\/\/semus.pmsaraguaia.pa.gov.br\/wp-content\/uploads\/2023\/11\/WhatsApp-Image-2023-11-29-at-12.46.28-1-819x1024.jpeg 819w, https:\/\/semus.pmsaraguaia.pa.gov.br\/wp-content\/uploads\/2023\/11\/WhatsApp-Image-2023-11-29-at-12.46.28-1-240x300.jpeg 240w, https:\/\/semus.pmsaraguaia.pa.gov.br\/wp-content\/uploads\/2023\/11\/WhatsApp-Image-2023-11-29-at-12.46.28-1-768x960.jpeg 768w, https:\/\/semus.pmsaraguaia.pa.gov.br\/wp-content\/uploads\/2023\/11\/WhatsApp-Image-2023-11-29-at-12.46.28-1.jpeg 1080w\" sizes=\"(max-width: 819px) 100vw, 819px\" \/><\/figure>\n","protected":false},"excerpt":{"rendered":"<p>Os primeiros bairros a serem atendidos foram os de abrang\u00eancia da Estrat\u00e9gia da Sa\u00fade Theresinha Abreu Vita, onde nos dias 23 e 24 foram vacinados 296 c\u00e3es e 89 gatos. A Campanha na zona urbana acontecer\u00e1 neste m\u00eas de dezembro e na zona rural no in\u00edcio de 2024.O cronograma das atividades com os bairros a &hellip;<\/p>\n","protected":false},"author":3,"featured_media":1485,"comment_status":"open","ping_status":"open","sticky":false,"template":"","format":"standard","meta":{"footnotes":""},"categories":[41,38,39],"tags":[],"_links":{"self":[{"href":"https:\/\/semus.pmsaraguaia.pa.gov.br\/index.php?rest_route=\/wp\/v2\/posts\/1496"}],"collection":[{"href":"https:\/\/semus.pmsaraguaia.pa.gov.br\/index.php?rest_route=\/wp\/v2\/posts"}],"about":[{"href":"https:\/\/semus.pmsaraguaia.pa.gov.br\/index.php?rest_route=\/wp\/v2\/types\/post"}],"author":[{"embeddable":true,"href":"https:\/\/semus.pmsaraguaia.pa.gov.br\/index.php?rest_route=\/wp\/v2\/users\/3"}],"replies":[{"embeddable":true,"href":"https:\/\/semus.pmsaraguaia.pa.gov.br\/index.php?rest_route=%2Fwp%2Fv2%2Fcomments&post=1496"}],"version-history":[{"count":1,"href":"https:\/\/semus.pmsaraguaia.pa.gov.br\/index.php?rest_route=\/wp\/v2\/posts\/1496\/revisions"}],"predecessor-version":[{"id":1497,"href":"https:\/\/semus.pmsaraguaia.pa.gov.br\/index.php?rest_route=\/wp\/v2\/posts\/1496\/revisions\/1497"}],"wp:featuredmedia":[{"embeddable":true,"href":"https:\/\/semus.pmsaraguaia.pa.gov.br\/index.php?rest_route=\/wp\/v2\/media\/1485"}],"wp:attachment":[{"href":"https:\/\/semus.pmsaraguaia.pa.gov.br\/index.php?rest_route=%2Fwp%2Fv2%2Fmedia&parent=1496"}],"wp:term":[{"taxonomy":"category","embeddable":true,"href":"https:\/\/semus.pmsaraguaia.pa.gov.br\/index.php?rest_route=%2Fwp%2Fv2%2Fcategories&post=1496"},{"taxonomy":"post_tag","embeddable":true,"href":"https:\/\/semus.pmsaraguaia.pa.gov.br\/index.php?rest_route=%2Fwp%2Fv2%2Ftags&post=1496"}],"curies":[{"name":"wp","href":"https:\/\/api.w.org\/{rel}","templated":true}]}}