{"id":1472,"date":"2023-11-29T10:03:43","date_gmt":"2023-11-29T13:03:43","guid":{"rendered":"https:\/\/semus.pmsaraguaia.pa.gov.br\/?p=1472"},"modified":"2023-11-29T10:03:47","modified_gmt":"2023-11-29T13:03:47","slug":"a-secretaria-municipal-de-saude-de-santana-do-araguaia-destaca-a-importancia-de-atender-as-necessidades-da-populacao-na-esf-sao-jose-com-profissionais-capacitados-nossa-equipe-se-destaca-ao-oferecer","status":"publish","type":"post","link":"https:\/\/semus.pmsaraguaia.pa.gov.br\/?p=1472","title":{"rendered":"A Secretaria Municipal de Sa\u00fade de Santana do Araguaia destaca a import\u00e2ncia de atender \u00e0s necessidades da popula\u00e7\u00e3o na ESF S\u00e3o Jos\u00e9. Com profissionais capacitados, nossa equipe se destaca ao oferecer atendimento de qualidade, proporcionando cuidados especiais e carinho. Estamos firmemente comprometidos em servir a comunidade com dedica\u00e7\u00e3o, reconhecendo a relev\u00e2ncia fundamental de proporcionar assist\u00eancia \u00e0s pessoas que dependem de nossos servi\u00e7os de sa\u00fade."},"content":{"rendered":"\n<p>&#8220;Equipe dedicada da sa\u00fade, agradecemos por fazerem a diferen\u00e7a a cada cuidado. Carinho e comprometimento, a Secretaria de Sa\u00fade, Kelly Conti, \u00e9 parte essencial deste caminho!&#8221;<\/p>\n\n\n\n<p>Fonte: Secretaria de Sa\u00fade (SEMUS) ??<\/p>\n\n\n\n<figure class=\"wp-block-image size-large\"><img loading=\"lazy\" decoding=\"async\" width=\"817\" height=\"1024\" src=\"https:\/\/semus.pmsaraguaia.pa.gov.br\/wp-content\/uploads\/2023\/11\/WhatsApp-Image-2023-11-28-at-18.15.28-817x1024.jpeg\" alt=\"\" class=\"wp-image-1475\" srcset=\"https:\/\/semus.pmsaraguaia.pa.gov.br\/wp-content\/uploads\/2023\/11\/WhatsApp-Image-2023-11-28-at-18.15.28-817x1024.jpeg 817w, https:\/\/semus.pmsaraguaia.pa.gov.br\/wp-content\/uploads\/2023\/11\/WhatsApp-Image-2023-11-28-at-18.15.28-239x300.jpeg 239w, https:\/\/semus.pmsaraguaia.pa.gov.br\/wp-content\/uploads\/2023\/11\/WhatsApp-Image-2023-11-28-at-18.15.28-768x962.jpeg 768w, https:\/\/semus.pmsaraguaia.pa.gov.br\/wp-content\/uploads\/2023\/11\/WhatsApp-Image-2023-11-28-at-18.15.28.jpeg 1080w\" sizes=\"(max-width: 817px) 100vw, 817px\" \/><\/figure>\n","protected":false},"excerpt":{"rendered":"<p>&#8220;Equipe dedicada da sa\u00fade, agradecemos por fazerem a diferen\u00e7a a cada cuidado. Carinho e comprometimento, a Secretaria de Sa\u00fade, Kelly Conti, \u00e9 parte essencial deste caminho!&#8221; Fonte: Secretaria de Sa\u00fade (SEMUS) ??<\/p>\n","protected":false},"author":3,"featured_media":1475,"comment_status":"open","ping_status":"open","sticky":false,"template":"","format":"standard","meta":{"footnotes":""},"categories":[1],"tags":[],"_links":{"self":[{"href":"https:\/\/semus.pmsaraguaia.pa.gov.br\/index.php?rest_route=\/wp\/v2\/posts\/1472"}],"collection":[{"href":"https:\/\/semus.pmsaraguaia.pa.gov.br\/index.php?rest_route=\/wp\/v2\/posts"}],"about":[{"href":"https:\/\/semus.pmsaraguaia.pa.gov.br\/index.php?rest_route=\/wp\/v2\/types\/post"}],"author":[{"embeddable":true,"href":"https:\/\/semus.pmsaraguaia.pa.gov.br\/index.php?rest_route=\/wp\/v2\/users\/3"}],"replies":[{"embeddable":true,"href":"https:\/\/semus.pmsaraguaia.pa.gov.br\/index.php?rest_route=%2Fwp%2Fv2%2Fcomments&post=1472"}],"version-history":[{"count":1,"href":"https:\/\/semus.pmsaraguaia.pa.gov.br\/index.php?rest_route=\/wp\/v2\/posts\/1472\/revisions"}],"predecessor-version":[{"id":1476,"href":"https:\/\/semus.pmsaraguaia.pa.gov.br\/index.php?rest_route=\/wp\/v2\/posts\/1472\/revisions\/1476"}],"wp:featuredmedia":[{"embeddable":true,"href":"https:\/\/semus.pmsaraguaia.pa.gov.br\/index.php?rest_route=\/wp\/v2\/media\/1475"}],"wp:attachment":[{"href":"https:\/\/semus.pmsaraguaia.pa.gov.br\/index.php?rest_route=%2Fwp%2Fv2%2Fmedia&parent=1472"}],"wp:term":[{"taxonomy":"category","embeddable":true,"href":"https:\/\/semus.pmsaraguaia.pa.gov.br\/index.php?rest_route=%2Fwp%2Fv2%2Fcategories&post=1472"},{"taxonomy":"post_tag","embeddable":true,"href":"https:\/\/semus.pmsaraguaia.pa.gov.br\/index.php?rest_route=%2Fwp%2Fv2%2Ftags&post=1472"}],"curies":[{"name":"wp","href":"https:\/\/api.w.org\/{rel}","templated":true}]}}