{"id":1464,"date":"2023-11-28T09:59:33","date_gmt":"2023-11-28T12:59:33","guid":{"rendered":"https:\/\/semus.pmsaraguaia.pa.gov.br\/?p=1464"},"modified":"2023-11-28T09:59:36","modified_gmt":"2023-11-28T12:59:36","slug":"a-secretaria-de-saude-do-estado-do-para-sespa-com-base-em-belem-esteve-presente-na-secretaria-municipal-de-saude-de-santana-do-araguaia-nos-dias-21-e-22-de-novembro-durante-esse-periodo-realizou","status":"publish","type":"post","link":"https:\/\/semus.pmsaraguaia.pa.gov.br\/?p=1464","title":{"rendered":"A Secretaria de Sa\u00fade do Estado do Par\u00e1 (SESPA), com base em Bel\u00e9m, esteve presente na Secretaria Municipal de Sa\u00fade de Santana do Araguaia nos dias 21 e 22 de novembro. Durante esse per\u00edodo, realizou palestras abordando temas de sa\u00fade p\u00fablica e rede de aten\u00e7\u00e3o psicossocial, abrangendo setores como aten\u00e7\u00e3o prim\u00e1ria, CAPS e escolas. O evento ressaltou a import\u00e2ncia da colabora\u00e7\u00e3o para o cuidado da sa\u00fade mental, com atividades de assessoramento, monitoramento e acompanhamento."},"content":{"rendered":"\n<p>A Secret\u00e1ria de Sa\u00fade, Kelly Conti, manifesta total apoio \u00e0 equipe da Sespa de Bel\u00e9m, reconhecendo a relev\u00e2ncia de sua miss\u00e3o em compartilhar conhecimentos sobre sa\u00fade mental. Este esfor\u00e7o visa elevar ainda mais a qualidade de vida na comunidade santanense.<\/p>\n\n\n\n<p>Fonte: Secretaria de Sa\u00fade (SEMUS) ??<\/p>\n\n\n\n<figure class=\"wp-block-video\"><video controls src=\"https:\/\/semus.pmsaraguaia.pa.gov.br\/wp-content\/uploads\/2023\/11\/WhatsApp-Video-2023-11-23-at-18.46.27.mp4\"><\/video><\/figure>\n","protected":false},"excerpt":{"rendered":"<p>A Secret\u00e1ria de Sa\u00fade, Kelly Conti, manifesta total apoio \u00e0 equipe da Sespa de Bel\u00e9m, reconhecendo a relev\u00e2ncia de sua miss\u00e3o em compartilhar conhecimentos sobre sa\u00fade mental. Este esfor\u00e7o visa elevar ainda mais a qualidade de vida na comunidade santanense. Fonte: Secretaria de Sa\u00fade (SEMUS) ??<\/p>\n","protected":false},"author":3,"featured_media":1466,"comment_status":"open","ping_status":"open","sticky":false,"template":"","format":"standard","meta":{"footnotes":""},"categories":[1],"tags":[],"_links":{"self":[{"href":"https:\/\/semus.pmsaraguaia.pa.gov.br\/index.php?rest_route=\/wp\/v2\/posts\/1464"}],"collection":[{"href":"https:\/\/semus.pmsaraguaia.pa.gov.br\/index.php?rest_route=\/wp\/v2\/posts"}],"about":[{"href":"https:\/\/semus.pmsaraguaia.pa.gov.br\/index.php?rest_route=\/wp\/v2\/types\/post"}],"author":[{"embeddable":true,"href":"https:\/\/semus.pmsaraguaia.pa.gov.br\/index.php?rest_route=\/wp\/v2\/users\/3"}],"replies":[{"embeddable":true,"href":"https:\/\/semus.pmsaraguaia.pa.gov.br\/index.php?rest_route=%2Fwp%2Fv2%2Fcomments&post=1464"}],"version-history":[{"count":1,"href":"https:\/\/semus.pmsaraguaia.pa.gov.br\/index.php?rest_route=\/wp\/v2\/posts\/1464\/revisions"}],"predecessor-version":[{"id":1467,"href":"https:\/\/semus.pmsaraguaia.pa.gov.br\/index.php?rest_route=\/wp\/v2\/posts\/1464\/revisions\/1467"}],"wp:featuredmedia":[{"embeddable":true,"href":"https:\/\/semus.pmsaraguaia.pa.gov.br\/index.php?rest_route=\/wp\/v2\/media\/1466"}],"wp:attachment":[{"href":"https:\/\/semus.pmsaraguaia.pa.gov.br\/index.php?rest_route=%2Fwp%2Fv2%2Fmedia&parent=1464"}],"wp:term":[{"taxonomy":"category","embeddable":true,"href":"https:\/\/semus.pmsaraguaia.pa.gov.br\/index.php?rest_route=%2Fwp%2Fv2%2Fcategories&post=1464"},{"taxonomy":"post_tag","embeddable":true,"href":"https:\/\/semus.pmsaraguaia.pa.gov.br\/index.php?rest_route=%2Fwp%2Fv2%2Ftags&post=1464"}],"curies":[{"name":"wp","href":"https:\/\/api.w.org\/{rel}","templated":true}]}}