{"id":1450,"date":"2023-11-28T09:13:42","date_gmt":"2023-11-28T12:13:42","guid":{"rendered":"https:\/\/semus.pmsaraguaia.pa.gov.br\/?p=1450"},"modified":"2023-11-28T09:13:46","modified_gmt":"2023-11-28T12:13:46","slug":"mulheres-fortes-rompendo-o-silencio-celebrando-a-coragem","status":"publish","type":"post","link":"https:\/\/semus.pmsaraguaia.pa.gov.br\/?p=1450","title":{"rendered":"Mulheres Fortes: Rompendo o Sil\u00eancio, Celebrando a Coragem*"},"content":{"rendered":"\n<p>No Dia Internacional da N\u00e3o Viol\u00eancia contra a Mulher, queremos honrar e valorizar a incr\u00edvel for\u00e7a que as mulheres possuem. Este artigo \u00e9 um tributo \u00e0 resili\u00eancia feminina diante de formas sutis de viol\u00eancia. Queremos inspirar e incentivar cada mulher a encontrar sua voz, romper o sil\u00eancio e denunciar. Juntas, podemos construir um futuro onde a coragem prevalece sobre o medo, e onde as mulheres s\u00e3o verdadeiramente empoderadas.<\/p>\n\n\n\n<p>&#8220;Kelly Conti, na Secretaria de Sa\u00fade, \u00e9 uma voz dedicada a apoiar e fortalecer as mulheres. Juntas, constru\u00edmos um caminho de sa\u00fade e resili\u00eancia.&#8221;<\/p>\n\n\n\n<figure class=\"wp-block-image size-large\"><img loading=\"lazy\" decoding=\"async\" width=\"1024\" height=\"1024\" src=\"https:\/\/semus.pmsaraguaia.pa.gov.br\/wp-content\/uploads\/2023\/11\/WhatsApp-Image-2023-11-25-at-16.26.42-1024x1024.jpeg\" alt=\"\" class=\"wp-image-1440\" srcset=\"https:\/\/semus.pmsaraguaia.pa.gov.br\/wp-content\/uploads\/2023\/11\/WhatsApp-Image-2023-11-25-at-16.26.42-1024x1024.jpeg 1024w, https:\/\/semus.pmsaraguaia.pa.gov.br\/wp-content\/uploads\/2023\/11\/WhatsApp-Image-2023-11-25-at-16.26.42-300x300.jpeg 300w, https:\/\/semus.pmsaraguaia.pa.gov.br\/wp-content\/uploads\/2023\/11\/WhatsApp-Image-2023-11-25-at-16.26.42-150x150.jpeg 150w, https:\/\/semus.pmsaraguaia.pa.gov.br\/wp-content\/uploads\/2023\/11\/WhatsApp-Image-2023-11-25-at-16.26.42-768x768.jpeg 768w, https:\/\/semus.pmsaraguaia.pa.gov.br\/wp-content\/uploads\/2023\/11\/WhatsApp-Image-2023-11-25-at-16.26.42.jpeg 1181w\" sizes=\"(max-width: 1024px) 100vw, 1024px\" \/><\/figure>\n","protected":false},"excerpt":{"rendered":"<p>No Dia Internacional da N\u00e3o Viol\u00eancia contra a Mulher, queremos honrar e valorizar a incr\u00edvel for\u00e7a que as mulheres possuem. Este artigo \u00e9 um tributo \u00e0 resili\u00eancia feminina diante de formas sutis de viol\u00eancia. Queremos inspirar e incentivar cada mulher a encontrar sua voz, romper o sil\u00eancio e denunciar. Juntas, podemos construir um futuro onde &hellip;<\/p>\n","protected":false},"author":3,"featured_media":1440,"comment_status":"open","ping_status":"open","sticky":false,"template":"","format":"standard","meta":{"footnotes":""},"categories":[1],"tags":[],"_links":{"self":[{"href":"https:\/\/semus.pmsaraguaia.pa.gov.br\/index.php?rest_route=\/wp\/v2\/posts\/1450"}],"collection":[{"href":"https:\/\/semus.pmsaraguaia.pa.gov.br\/index.php?rest_route=\/wp\/v2\/posts"}],"about":[{"href":"https:\/\/semus.pmsaraguaia.pa.gov.br\/index.php?rest_route=\/wp\/v2\/types\/post"}],"author":[{"embeddable":true,"href":"https:\/\/semus.pmsaraguaia.pa.gov.br\/index.php?rest_route=\/wp\/v2\/users\/3"}],"replies":[{"embeddable":true,"href":"https:\/\/semus.pmsaraguaia.pa.gov.br\/index.php?rest_route=%2Fwp%2Fv2%2Fcomments&post=1450"}],"version-history":[{"count":1,"href":"https:\/\/semus.pmsaraguaia.pa.gov.br\/index.php?rest_route=\/wp\/v2\/posts\/1450\/revisions"}],"predecessor-version":[{"id":1451,"href":"https:\/\/semus.pmsaraguaia.pa.gov.br\/index.php?rest_route=\/wp\/v2\/posts\/1450\/revisions\/1451"}],"wp:featuredmedia":[{"embeddable":true,"href":"https:\/\/semus.pmsaraguaia.pa.gov.br\/index.php?rest_route=\/wp\/v2\/media\/1440"}],"wp:attachment":[{"href":"https:\/\/semus.pmsaraguaia.pa.gov.br\/index.php?rest_route=%2Fwp%2Fv2%2Fmedia&parent=1450"}],"wp:term":[{"taxonomy":"category","embeddable":true,"href":"https:\/\/semus.pmsaraguaia.pa.gov.br\/index.php?rest_route=%2Fwp%2Fv2%2Fcategories&post=1450"},{"taxonomy":"post_tag","embeddable":true,"href":"https:\/\/semus.pmsaraguaia.pa.gov.br\/index.php?rest_route=%2Fwp%2Fv2%2Ftags&post=1450"}],"curies":[{"name":"wp","href":"https:\/\/api.w.org\/{rel}","templated":true}]}}